{"id":1885,"date":"2024-12-24T02:52:07","date_gmt":"2024-12-24T02:52:07","guid":{"rendered":"https:\/\/wpinitiate.com\/echo-test\/demo76e71539\/2024\/12\/24\/volkswagen-ex-vw-chef-martin-winterkorn-lehnt-richter-in-dieselaffare-als-befangen-ab\/"},"modified":"2024-12-24T02:52:07","modified_gmt":"2024-12-24T02:52:07","slug":"volkswagen-ex-vw-chef-martin-winterkorn-lehnt-richter-in-dieselaffare-als-befangen-ab","status":"publish","type":"post","link":"https:\/\/wpinitiate.com\/echo-test\/demo76e71539\/2024\/12\/24\/volkswagen-ex-vw-chef-martin-winterkorn-lehnt-richter-in-dieselaffare-als-befangen-ab\/","title":{"rendered":"Volkswagen: Ex-VW-Chef Martin Winterkorn lehnt Richter in Dieselaff\u00e4re als befangen ab"},"content":{"rendered":"<p>Der Prozess gegen den fr\u00fcheren VW-Boss Martin Winterkorn soll seine Rolle bei der Dieselaff\u00e4re beleuchten. Nach einer Zwangspause stellte das Gericht neue Pl\u00e4ne vor. Dagegen wehrt sich nun die Verteidigung.<\/p>\n","protected":false},"excerpt":{"rendered":"<p>Der Prozess gegen den fr\u00fcheren VW-Boss Martin Winterkorn soll seine Rolle bei der Dieselaff\u00e4re beleuchten. Nach einer Zwangspause stellte das Gericht neue Pl\u00e4ne vor. Dagegen wehrt sich nun die Verteidigung.<\/p>\n","protected":false},"author":1,"featured_media":1886,"comment_status":"open","ping_status":"open","sticky":false,"template":"","format":"standard","meta":{"footnotes":""},"categories":[1],"tags":[],"class_list":["post-1885","post","type-post","status-publish","format-standard","has-post-thumbnail","hentry","category-uncategorized"],"_links":{"self":[{"href":"https:\/\/wpinitiate.com\/echo-test\/demo76e71539\/wp-json\/wp\/v2\/posts\/1885","targetHints":{"allow":["GET"]}}],"collection":[{"href":"https:\/\/wpinitiate.com\/echo-test\/demo76e71539\/wp-json\/wp\/v2\/posts"}],"about":[{"href":"https:\/\/wpinitiate.com\/echo-test\/demo76e71539\/wp-json\/wp\/v2\/types\/post"}],"author":[{"embeddable":true,"href":"https:\/\/wpinitiate.com\/echo-test\/demo76e71539\/wp-json\/wp\/v2\/users\/1"}],"replies":[{"embeddable":true,"href":"https:\/\/wpinitiate.com\/echo-test\/demo76e71539\/wp-json\/wp\/v2\/comments?post=1885"}],"version-history":[{"count":0,"href":"https:\/\/wpinitiate.com\/echo-test\/demo76e71539\/wp-json\/wp\/v2\/posts\/1885\/revisions"}],"wp:featuredmedia":[{"embeddable":true,"href":"https:\/\/wpinitiate.com\/echo-test\/demo76e71539\/wp-json\/wp\/v2\/media\/1886"}],"wp:attachment":[{"href":"https:\/\/wpinitiate.com\/echo-test\/demo76e71539\/wp-json\/wp\/v2\/media?parent=1885"}],"wp:term":[{"taxonomy":"category","embeddable":true,"href":"https:\/\/wpinitiate.com\/echo-test\/demo76e71539\/wp-json\/wp\/v2\/categories?post=1885"},{"taxonomy":"post_tag","embeddable":true,"href":"https:\/\/wpinitiate.com\/echo-test\/demo76e71539\/wp-json\/wp\/v2\/tags?post=1885"}],"curies":[{"name":"wp","href":"https:\/\/api.w.org\/{rel}","templated":true}]}}