{"id":1911,"date":"2024-12-24T02:51:54","date_gmt":"2024-12-24T02:51:54","guid":{"rendered":"https:\/\/wpinitiate.com\/echo-test\/demo76e71539\/2024\/12\/24\/tarifkonflikt-worauf-sich-vw-und-die-ig-metall-geeinigt-haben\/"},"modified":"2024-12-24T02:51:54","modified_gmt":"2024-12-24T02:51:54","slug":"tarifkonflikt-worauf-sich-vw-und-die-ig-metall-geeinigt-haben","status":"publish","type":"post","link":"https:\/\/wpinitiate.com\/echo-test\/demo76e71539\/2024\/12\/24\/tarifkonflikt-worauf-sich-vw-und-die-ig-metall-geeinigt-haben\/","title":{"rendered":"Tarifkonflikt: Worauf sich VW und die IG Metall geeinigt haben"},"content":{"rendered":"<p>Es waren z\u00e4he Verhandlungen zwischen Betriebsratschefin Daniela Cavallo, IG-Metall-Verhandlungsf\u00fchrer Thorsten Gr\u00f6ger und dem VW-Vorstand. Wo Stellen gestrichen werden, welche Ver\u00e4nderungen in den Werken anstehen und wie hoch der Lohnverzicht ist \u2013 ein \u00dcberblick.<\/p>\n","protected":false},"excerpt":{"rendered":"<p>Es waren z\u00e4he Verhandlungen zwischen Betriebsratschefin Daniela Cavallo, IG-Metall-Verhandlungsf\u00fchrer Thorsten Gr\u00f6ger und dem VW-Vorstand. Wo Stellen gestrichen werden, welche Ver\u00e4nderungen in den Werken anstehen und wie hoch der Lohnverzicht ist \u2013 ein \u00dcberblick.<\/p>\n","protected":false},"author":1,"featured_media":1912,"comment_status":"open","ping_status":"open","sticky":false,"template":"","format":"standard","meta":{"footnotes":""},"categories":[1],"tags":[],"class_list":["post-1911","post","type-post","status-publish","format-standard","has-post-thumbnail","hentry","category-uncategorized"],"_links":{"self":[{"href":"https:\/\/wpinitiate.com\/echo-test\/demo76e71539\/wp-json\/wp\/v2\/posts\/1911","targetHints":{"allow":["GET"]}}],"collection":[{"href":"https:\/\/wpinitiate.com\/echo-test\/demo76e71539\/wp-json\/wp\/v2\/posts"}],"about":[{"href":"https:\/\/wpinitiate.com\/echo-test\/demo76e71539\/wp-json\/wp\/v2\/types\/post"}],"author":[{"embeddable":true,"href":"https:\/\/wpinitiate.com\/echo-test\/demo76e71539\/wp-json\/wp\/v2\/users\/1"}],"replies":[{"embeddable":true,"href":"https:\/\/wpinitiate.com\/echo-test\/demo76e71539\/wp-json\/wp\/v2\/comments?post=1911"}],"version-history":[{"count":0,"href":"https:\/\/wpinitiate.com\/echo-test\/demo76e71539\/wp-json\/wp\/v2\/posts\/1911\/revisions"}],"wp:featuredmedia":[{"embeddable":true,"href":"https:\/\/wpinitiate.com\/echo-test\/demo76e71539\/wp-json\/wp\/v2\/media\/1912"}],"wp:attachment":[{"href":"https:\/\/wpinitiate.com\/echo-test\/demo76e71539\/wp-json\/wp\/v2\/media?parent=1911"}],"wp:term":[{"taxonomy":"category","embeddable":true,"href":"https:\/\/wpinitiate.com\/echo-test\/demo76e71539\/wp-json\/wp\/v2\/categories?post=1911"},{"taxonomy":"post_tag","embeddable":true,"href":"https:\/\/wpinitiate.com\/echo-test\/demo76e71539\/wp-json\/wp\/v2\/tags?post=1911"}],"curies":[{"name":"wp","href":"https:\/\/api.w.org\/{rel}","templated":true}]}}