{"id":19167,"date":"2025-12-11T06:28:02","date_gmt":"2025-12-11T06:28:02","guid":{"rendered":"https:\/\/wpinitiate.com\/echo-test\/demo76e71539\/2025\/12\/11\/m-daimler-truck-chefin-karin-radstrom-will-strategieabteilung-auflosen\/"},"modified":"2025-12-11T06:28:02","modified_gmt":"2025-12-11T06:28:02","slug":"m-daimler-truck-chefin-karin-radstrom-will-strategieabteilung-auflosen","status":"publish","type":"post","link":"https:\/\/wpinitiate.com\/echo-test\/demo76e71539\/2025\/12\/11\/m-daimler-truck-chefin-karin-radstrom-will-strategieabteilung-auflosen\/","title":{"rendered":"(m+) Daimler Truck: Chefin Karin Radstr\u00f6m will Strategieabteilung aufl\u00f6sen"},"content":{"rendered":"<p>In der Zentrale von Daimler Truck in Leinfelden wird es langsam ungem\u00fctlich. In der Verwaltung soll bis zu ein Drittel der Stellen gestrichen werden. Jetzt kostet das Kostenprogramm \u201eCost Down Europe\u201c von CEO Karin R\u00e5dstr\u00f6m erste K\u00f6pfe.<\/p>\n","protected":false},"excerpt":{"rendered":"<p>In der Zentrale von Daimler Truck in Leinfelden wird es langsam ungem\u00fctlich. In der Verwaltung soll bis zu ein Drittel der Stellen gestrichen werden. Jetzt kostet das Kostenprogramm \u201eCost Down Europe\u201c von CEO Karin R\u00e5dstr\u00f6m erste K\u00f6pfe.<\/p>\n","protected":false},"author":1,"featured_media":0,"comment_status":"open","ping_status":"open","sticky":false,"template":"","format":"standard","meta":{"footnotes":""},"categories":[1],"tags":[],"class_list":["post-19167","post","type-post","status-publish","format-standard","hentry","category-uncategorized"],"_links":{"self":[{"href":"https:\/\/wpinitiate.com\/echo-test\/demo76e71539\/wp-json\/wp\/v2\/posts\/19167","targetHints":{"allow":["GET"]}}],"collection":[{"href":"https:\/\/wpinitiate.com\/echo-test\/demo76e71539\/wp-json\/wp\/v2\/posts"}],"about":[{"href":"https:\/\/wpinitiate.com\/echo-test\/demo76e71539\/wp-json\/wp\/v2\/types\/post"}],"author":[{"embeddable":true,"href":"https:\/\/wpinitiate.com\/echo-test\/demo76e71539\/wp-json\/wp\/v2\/users\/1"}],"replies":[{"embeddable":true,"href":"https:\/\/wpinitiate.com\/echo-test\/demo76e71539\/wp-json\/wp\/v2\/comments?post=19167"}],"version-history":[{"count":0,"href":"https:\/\/wpinitiate.com\/echo-test\/demo76e71539\/wp-json\/wp\/v2\/posts\/19167\/revisions"}],"wp:attachment":[{"href":"https:\/\/wpinitiate.com\/echo-test\/demo76e71539\/wp-json\/wp\/v2\/media?parent=19167"}],"wp:term":[{"taxonomy":"category","embeddable":true,"href":"https:\/\/wpinitiate.com\/echo-test\/demo76e71539\/wp-json\/wp\/v2\/categories?post=19167"},{"taxonomy":"post_tag","embeddable":true,"href":"https:\/\/wpinitiate.com\/echo-test\/demo76e71539\/wp-json\/wp\/v2\/tags?post=19167"}],"curies":[{"name":"wp","href":"https:\/\/api.w.org\/{rel}","templated":true}]}}