{"id":19181,"date":"2025-12-11T17:38:53","date_gmt":"2025-12-11T17:38:53","guid":{"rendered":"https:\/\/wpinitiate.com\/echo-test\/demo76e71539\/2025\/12\/11\/verbrenner-aus-eu-kommission-erwagt-rucknahme-des-verbots\/"},"modified":"2025-12-11T17:38:53","modified_gmt":"2025-12-11T17:38:53","slug":"verbrenner-aus-eu-kommission-erwagt-rucknahme-des-verbots","status":"publish","type":"post","link":"https:\/\/wpinitiate.com\/echo-test\/demo76e71539\/2025\/12\/11\/verbrenner-aus-eu-kommission-erwagt-rucknahme-des-verbots\/","title":{"rendered":"Verbrenner-Aus: EU-Kommission erw\u00e4gt R\u00fccknahme des Verbots"},"content":{"rendered":"<p>Die EU-Kommission will nach Angaben des EVP-Fraktionsvorsitzenden Manfred Weber das De-facto-Verbot f\u00fcr Verbrenner-Fahrzeuge kippen. Allerdings m\u00fcssen die Mitgliedsl\u00e4nder und das EU-Parlament dem Plan noch zustimmen.<\/p>\n","protected":false},"excerpt":{"rendered":"<p>Die EU-Kommission will nach Angaben des EVP-Fraktionsvorsitzenden Manfred Weber das De-facto-Verbot f\u00fcr Verbrenner-Fahrzeuge kippen. Allerdings m\u00fcssen die Mitgliedsl\u00e4nder und das EU-Parlament dem Plan noch zustimmen.<\/p>\n","protected":false},"author":1,"featured_media":0,"comment_status":"open","ping_status":"open","sticky":false,"template":"","format":"standard","meta":{"footnotes":""},"categories":[1],"tags":[],"class_list":["post-19181","post","type-post","status-publish","format-standard","hentry","category-uncategorized"],"_links":{"self":[{"href":"https:\/\/wpinitiate.com\/echo-test\/demo76e71539\/wp-json\/wp\/v2\/posts\/19181","targetHints":{"allow":["GET"]}}],"collection":[{"href":"https:\/\/wpinitiate.com\/echo-test\/demo76e71539\/wp-json\/wp\/v2\/posts"}],"about":[{"href":"https:\/\/wpinitiate.com\/echo-test\/demo76e71539\/wp-json\/wp\/v2\/types\/post"}],"author":[{"embeddable":true,"href":"https:\/\/wpinitiate.com\/echo-test\/demo76e71539\/wp-json\/wp\/v2\/users\/1"}],"replies":[{"embeddable":true,"href":"https:\/\/wpinitiate.com\/echo-test\/demo76e71539\/wp-json\/wp\/v2\/comments?post=19181"}],"version-history":[{"count":0,"href":"https:\/\/wpinitiate.com\/echo-test\/demo76e71539\/wp-json\/wp\/v2\/posts\/19181\/revisions"}],"wp:attachment":[{"href":"https:\/\/wpinitiate.com\/echo-test\/demo76e71539\/wp-json\/wp\/v2\/media?parent=19181"}],"wp:term":[{"taxonomy":"category","embeddable":true,"href":"https:\/\/wpinitiate.com\/echo-test\/demo76e71539\/wp-json\/wp\/v2\/categories?post=19181"},{"taxonomy":"post_tag","embeddable":true,"href":"https:\/\/wpinitiate.com\/echo-test\/demo76e71539\/wp-json\/wp\/v2\/tags?post=19181"}],"curies":[{"name":"wp","href":"https:\/\/api.w.org\/{rel}","templated":true}]}}