{"id":1993,"date":"2024-12-31T00:21:40","date_gmt":"2024-12-31T00:21:40","guid":{"rendered":"https:\/\/wpinitiate.com\/echo-test\/demo76e71539\/2024\/12\/31\/krankenkassen-spitzenverband-vorsitzende-doris-pfeiffer-kundigt-weitere-beitragserhohungen-fur-2026-an\/"},"modified":"2024-12-31T00:21:40","modified_gmt":"2024-12-31T00:21:40","slug":"krankenkassen-spitzenverband-vorsitzende-doris-pfeiffer-kundigt-weitere-beitragserhohungen-fur-2026-an","status":"publish","type":"post","link":"https:\/\/wpinitiate.com\/echo-test\/demo76e71539\/2024\/12\/31\/krankenkassen-spitzenverband-vorsitzende-doris-pfeiffer-kundigt-weitere-beitragserhohungen-fur-2026-an\/","title":{"rendered":"Krankenkassen: Spitzenverband-Vorsitzende Doris Pfeiffer k\u00fcndigt weitere Beitragserh\u00f6hungen f\u00fcr 2026 an"},"content":{"rendered":"<p>Es ist ein Schock f\u00fcr viele gesetzlich Krankenversicherte: Die Zusatzbeitr\u00e4ge steigen zum Jahresbeginn zum Teil deutlich. Doch aus Sicht der Spitzenverband-Vorsitzenden Doris Pfeiffer k\u00f6nnte es noch schlimmer kommen.<\/p>\n","protected":false},"excerpt":{"rendered":"<p>Es ist ein Schock f\u00fcr viele gesetzlich Krankenversicherte: Die Zusatzbeitr\u00e4ge steigen zum Jahresbeginn zum Teil deutlich. Doch aus Sicht der Spitzenverband-Vorsitzenden Doris Pfeiffer k\u00f6nnte es noch schlimmer kommen.<\/p>\n","protected":false},"author":1,"featured_media":1994,"comment_status":"open","ping_status":"open","sticky":false,"template":"","format":"standard","meta":{"footnotes":""},"categories":[1],"tags":[],"class_list":["post-1993","post","type-post","status-publish","format-standard","has-post-thumbnail","hentry","category-uncategorized"],"_links":{"self":[{"href":"https:\/\/wpinitiate.com\/echo-test\/demo76e71539\/wp-json\/wp\/v2\/posts\/1993","targetHints":{"allow":["GET"]}}],"collection":[{"href":"https:\/\/wpinitiate.com\/echo-test\/demo76e71539\/wp-json\/wp\/v2\/posts"}],"about":[{"href":"https:\/\/wpinitiate.com\/echo-test\/demo76e71539\/wp-json\/wp\/v2\/types\/post"}],"author":[{"embeddable":true,"href":"https:\/\/wpinitiate.com\/echo-test\/demo76e71539\/wp-json\/wp\/v2\/users\/1"}],"replies":[{"embeddable":true,"href":"https:\/\/wpinitiate.com\/echo-test\/demo76e71539\/wp-json\/wp\/v2\/comments?post=1993"}],"version-history":[{"count":0,"href":"https:\/\/wpinitiate.com\/echo-test\/demo76e71539\/wp-json\/wp\/v2\/posts\/1993\/revisions"}],"wp:featuredmedia":[{"embeddable":true,"href":"https:\/\/wpinitiate.com\/echo-test\/demo76e71539\/wp-json\/wp\/v2\/media\/1994"}],"wp:attachment":[{"href":"https:\/\/wpinitiate.com\/echo-test\/demo76e71539\/wp-json\/wp\/v2\/media?parent=1993"}],"wp:term":[{"taxonomy":"category","embeddable":true,"href":"https:\/\/wpinitiate.com\/echo-test\/demo76e71539\/wp-json\/wp\/v2\/categories?post=1993"},{"taxonomy":"post_tag","embeddable":true,"href":"https:\/\/wpinitiate.com\/echo-test\/demo76e71539\/wp-json\/wp\/v2\/tags?post=1993"}],"curies":[{"name":"wp","href":"https:\/\/api.w.org\/{rel}","templated":true}]}}