{"id":2011,"date":"2024-12-31T00:21:31","date_gmt":"2024-12-31T00:21:31","guid":{"rendered":"https:\/\/wpinitiate.com\/echo-test\/demo76e71539\/2024\/12\/31\/wahlaufruf-fur-afd-spd-generalsekretar-miersch-kritisiert-springer-verlag-fur-musk-beitrag\/"},"modified":"2024-12-31T00:21:31","modified_gmt":"2024-12-31T00:21:31","slug":"wahlaufruf-fur-afd-spd-generalsekretar-miersch-kritisiert-springer-verlag-fur-musk-beitrag","status":"publish","type":"post","link":"https:\/\/wpinitiate.com\/echo-test\/demo76e71539\/2024\/12\/31\/wahlaufruf-fur-afd-spd-generalsekretar-miersch-kritisiert-springer-verlag-fur-musk-beitrag\/","title":{"rendered":"Wahlaufruf f\u00fcr AfD: SPD-Generalsekret\u00e4r Miersch kritisiert Springer-Verlag f\u00fcr Musk-Beitrag"},"content":{"rendered":"<p>Es sei \u201ebesch\u00e4mend und gef\u00e4hrlich\u201c, dass der Springer-Verlag Elon Musk f\u00fcr seinen Pro-AfD-Beitrag eine Plattform geboten habe, sagt SPD-Generalsekret\u00e4r Miersch. Der Journalistenverband spricht von einem \u201eFreifahrtschein\u201c.<\/p>\n","protected":false},"excerpt":{"rendered":"<p>Es sei \u201ebesch\u00e4mend und gef\u00e4hrlich\u201c, dass der Springer-Verlag Elon Musk f\u00fcr seinen Pro-AfD-Beitrag eine Plattform geboten habe, sagt SPD-Generalsekret\u00e4r Miersch. Der Journalistenverband spricht von einem \u201eFreifahrtschein\u201c.<\/p>\n","protected":false},"author":1,"featured_media":2012,"comment_status":"open","ping_status":"open","sticky":false,"template":"","format":"standard","meta":{"footnotes":""},"categories":[1],"tags":[],"class_list":["post-2011","post","type-post","status-publish","format-standard","has-post-thumbnail","hentry","category-uncategorized"],"_links":{"self":[{"href":"https:\/\/wpinitiate.com\/echo-test\/demo76e71539\/wp-json\/wp\/v2\/posts\/2011","targetHints":{"allow":["GET"]}}],"collection":[{"href":"https:\/\/wpinitiate.com\/echo-test\/demo76e71539\/wp-json\/wp\/v2\/posts"}],"about":[{"href":"https:\/\/wpinitiate.com\/echo-test\/demo76e71539\/wp-json\/wp\/v2\/types\/post"}],"author":[{"embeddable":true,"href":"https:\/\/wpinitiate.com\/echo-test\/demo76e71539\/wp-json\/wp\/v2\/users\/1"}],"replies":[{"embeddable":true,"href":"https:\/\/wpinitiate.com\/echo-test\/demo76e71539\/wp-json\/wp\/v2\/comments?post=2011"}],"version-history":[{"count":0,"href":"https:\/\/wpinitiate.com\/echo-test\/demo76e71539\/wp-json\/wp\/v2\/posts\/2011\/revisions"}],"wp:featuredmedia":[{"embeddable":true,"href":"https:\/\/wpinitiate.com\/echo-test\/demo76e71539\/wp-json\/wp\/v2\/media\/2012"}],"wp:attachment":[{"href":"https:\/\/wpinitiate.com\/echo-test\/demo76e71539\/wp-json\/wp\/v2\/media?parent=2011"}],"wp:term":[{"taxonomy":"category","embeddable":true,"href":"https:\/\/wpinitiate.com\/echo-test\/demo76e71539\/wp-json\/wp\/v2\/categories?post=2011"},{"taxonomy":"post_tag","embeddable":true,"href":"https:\/\/wpinitiate.com\/echo-test\/demo76e71539\/wp-json\/wp\/v2\/tags?post=2011"}],"curies":[{"name":"wp","href":"https:\/\/api.w.org\/{rel}","templated":true}]}}