{"id":21165,"date":"2026-01-15T06:27:22","date_gmt":"2026-01-15T06:27:22","guid":{"rendered":"https:\/\/wpinitiate.com\/echo-test\/demo76e71539\/2026\/01\/15\/aston-villa-offer-this-star-as-part-payment-to-sign-serie-a-striker-is-it-the-right-move\/"},"modified":"2026-01-15T06:27:22","modified_gmt":"2026-01-15T06:27:22","slug":"aston-villa-offer-this-star-as-part-payment-to-sign-serie-a-striker-is-it-the-right-move","status":"publish","type":"post","link":"https:\/\/wpinitiate.com\/echo-test\/demo76e71539\/2026\/01\/15\/aston-villa-offer-this-star-as-part-payment-to-sign-serie-a-striker-is-it-the-right-move\/","title":{"rendered":"Aston Villa Offer This Star As Part Payment To Sign Serie A Striker: Is It The Right Move?"},"content":{"rendered":"<div>\n<p>New reports coming out of the Turkish press suggest <a href=\"https:\/\/the4thofficial.net\/category\/leagues\/english-premier-league\/aston-villa\/\">Aston Villa<\/a> have officially contacted Be\u015fikta\u015f. They have proposed a creative deal to bring back <a href=\"https:\/\/the4thofficial.net\/2026\/01\/aston-villa-told-to-pay-e20m-for-this-12-goal-in-24-games-striker-the-right-move-for-emery\/\">Tammy Abraham<\/a>. According to <a href=\"https:\/\/www.turkiyegazetesi.com.tr\/spor\/besiktas-3-bombayi-birden-paylatiyor-transferde-mutlu-son-yakin-1762870?s=3\">T\u00fcrkiye Gazetesi<\/a>, the Premier League club has made an offer this week.<\/p>\n<p>The plan involves sending winger Evann Guessand to Istanbul. The report indicates that Villa are eager to strengthen their attacking options. They see their former loan star as the right man to help Ollie Watkins up front.<\/p>\n<p>Abraham is currently playing for Be\u015fikta\u015f on loan from AS Roma. He is now caught in the middle of a complicated transfer situation. The Turkish giants reportedly have an obligation to buy the 28-year-old for \u20ac13m, provided he hits certain performance targets.<\/p>\n<p>However, journalist <a href=\"https:\/\/x.com\/firatgunayer\/status\/2011169445549654521?s=61&#038;t=hqDgWG-6N49X7lJEaPQM-g\">F\u0131rat G\u00fcnayer<\/a> says that Be\u015fikta\u015f are open to activating this clause early. They would buy Abraham\u2019s full rights now, just to sell him to Villa for around \u20ac20m. To make the deal more attractive, Villa have reportedly offered Evann Guessand on an 18-month loan.<\/p>\n<p>The Ivorian winger only joined the Birmingham club last August for about \u00a330m. Since then, he has found it hard to stay in Unai Emery\u2019s starting lineup. By including Guessand, Villa hope to spend less cash.<\/p>\n<p>They also want to move on a player who isn\u2019t getting much game time. G\u00fcnayer notes that the offer is on the table, but Be\u015fikta\u015f haven\u2019t said yes yet. Still, the chance to make a quick profit and get a replacement winger might be too good to turn down.<\/p>\n<h3><strong>A Logical Gamble or Risky Business?<\/strong><\/h3>\n<figure id=\"attachment_341465\" aria-describedby=\"caption-attachment-341465\"><img loading=\"lazy\" data-lazyloaded=\"1\" decoding=\"async\" src=\"http:\/\/the4thofficial.net\/wp-content\/uploads\/2026\/01\/fenerbahce-sk-v-besiktas-jk-turk-1.jpg\" alt=\"Aston Villa\" width=\"1349\" height=\"900\" srcset=\"https:\/\/the4thofficial.net\/wp-content\/uploads\/2026\/01\/fenerbahce-sk-v-besiktas-jk-turk-1.jpg 1349w, https:\/\/the4thofficial.net\/wp-content\/uploads\/2026\/01\/fenerbahce-sk-v-besiktas-jk-turk-1-300x200.jpg 300w, https:\/\/the4thofficial.net\/wp-content\/uploads\/2026\/01\/fenerbahce-sk-v-besiktas-jk-turk-1-1024x683.jpg 1024w, https:\/\/the4thofficial.net\/wp-content\/uploads\/2026\/01\/fenerbahce-sk-v-besiktas-jk-turk-1-150x100.jpg 150w, https:\/\/the4thofficial.net\/wp-content\/uploads\/2026\/01\/fenerbahce-sk-v-besiktas-jk-turk-1-768x512.jpg 768w, https:\/\/the4thofficial.net\/wp-content\/uploads\/2026\/01\/fenerbahce-sk-v-besiktas-jk-turk-1-630x420.jpg 630w, https:\/\/the4thofficial.net\/wp-content\/uploads\/2026\/01\/fenerbahce-sk-v-besiktas-jk-turk-1-1259x840.jpg 1259w, https:\/\/the4thofficial.net\/wp-content\/uploads\/2026\/01\/fenerbahce-sk-v-besiktas-jk-turk-1-600x400.jpg 600w, https:\/\/the4thofficial.net\/wp-content\/uploads\/2026\/01\/fenerbahce-sk-v-besiktas-jk-turk-1-696x464.jpg 696w, https:\/\/the4thofficial.net\/wp-content\/uploads\/2026\/01\/fenerbahce-sk-v-besiktas-jk-turk-1-1068x713.jpg 1068w\" data-sizes=\"(max-width: 1349px) 100vw, 1349px\"><figcaption id=\"caption-attachment-341465\">ISTANBUL, TURKEY \u2013 DECEMBER 23: Tammy Abraham of Besiktas celebrates victory during the Turkish Cup 2025\/26 match between Fenerbahce SK and Besiktas JK at Ulker Sukru Saracoglu Stadium on December 23, 2025 in Istanbul, Turkey. (Photo by Ahmad Mora\/Getty Images)<\/figcaption><\/figure>\n<p>Finding a backup striker has been a problem for Aston Villa for years. Even so, this move for Abraham makes a lot of sense. Ollie Watkins is still the main man, but he has a lot of pressure on his shoulders.<\/p>\n<p>Abraham has already proven he can play in the Premier League. Just as importantly, he already has a great connection with the Villa Park fans from his successful time in the Championship. He is a different type of player than Watkins. This will give Emery a real Plan B against defensive teams that need to be beaten in the air.<\/p>\n<figure id=\"attachment_341464\" aria-describedby=\"caption-attachment-341464\"><img data-lazyloaded=\"1\" loading=\"lazy\" decoding=\"async\" src=\"http:\/\/the4thofficial.net\/wp-content\/uploads\/2026\/01\/fc-basel-1893-v-aston-villa-fc-u-1.jpg\" alt=\"Aston Villa\" width=\"1350\" height=\"900\" srcset=\"https:\/\/the4thofficial.net\/wp-content\/uploads\/2026\/01\/fc-basel-1893-v-aston-villa-fc-u-1.jpg 1350w, https:\/\/the4thofficial.net\/wp-content\/uploads\/2026\/01\/fc-basel-1893-v-aston-villa-fc-u-1-300x200.jpg 300w, https:\/\/the4thofficial.net\/wp-content\/uploads\/2026\/01\/fc-basel-1893-v-aston-villa-fc-u-1-1024x683.jpg 1024w, https:\/\/the4thofficial.net\/wp-content\/uploads\/2026\/01\/fc-basel-1893-v-aston-villa-fc-u-1-150x100.jpg 150w, https:\/\/the4thofficial.net\/wp-content\/uploads\/2026\/01\/fc-basel-1893-v-aston-villa-fc-u-1-768x512.jpg 768w, https:\/\/the4thofficial.net\/wp-content\/uploads\/2026\/01\/fc-basel-1893-v-aston-villa-fc-u-1-630x420.jpg 630w, https:\/\/the4thofficial.net\/wp-content\/uploads\/2026\/01\/fc-basel-1893-v-aston-villa-fc-u-1-1260x840.jpg 1260w, https:\/\/the4thofficial.net\/wp-content\/uploads\/2026\/01\/fc-basel-1893-v-aston-villa-fc-u-1-600x400.jpg 600w, https:\/\/the4thofficial.net\/wp-content\/uploads\/2026\/01\/fc-basel-1893-v-aston-villa-fc-u-1-696x464.jpg 696w, https:\/\/the4thofficial.net\/wp-content\/uploads\/2026\/01\/fc-basel-1893-v-aston-villa-fc-u-1-1068x712.jpg 1068w\" data-sizes=\"(max-width: 1350px) 100vw, 1350px\"><figcaption id=\"caption-attachment-341464\">BASEL, SWITZERLAND \u2013 DECEMBER 11: Evann Guessand of Aston Villa celebrates after scoring his team\u2019s first goal during the UEFA Europa League 2025\/26 League Phase MD6 match between FC Basel 1893 and Aston Villa FC at St. Jakob-Park on December 11, 2025 in Basel, Switzerland. (Photo by Daniela Porcelli\/Getty Images)<\/figcaption><\/figure>\n<p>Financially, using Guessand as part of the deal looks like a smart move. The \u00a330m summer signing hasn\u2019t really performed yet. An 18-month loan could help him find his form again and fix the current squad balance. The board would likely see it as a great piece of business if Villa can trade an extra winger for a proven scorer without spending too much.<\/p>\n<p>However, there are still worries about Abraham\u2019s recent injuries. There are also questions about whether he can handle the speed of English football again after playing in Italy and Turkey. His goal record in the S\u00fcper Lig is decent, but the Premier League is much tougher.<\/p>\n<p>Be\u015fikta\u015f asking for \u20ac20m is a big price jump. Villa must decide if they are just being nostalgic or if Abraham is still the clinical finisher they remember. If the wages work out, this deal fixes two problems at once. It adds depth to the attack and trims the surplus from the squad.<\/p>\n<\/div>\n","protected":false},"excerpt":{"rendered":"<p>New reports coming out of the Turkish press suggest Aston Villa have officially contacted Be\u015fikta\u015f. They have proposed a creative deal to bring back Tammy Abraham. According to T\u00fcrkiye Gazetesi, the Premier League club has made an offer this week. The plan involves sending winger Evann Guessand to Istanbul. The report indicates that Villa are [&hellip;]<\/p>\n","protected":false},"author":13963,"featured_media":21166,"comment_status":"open","ping_status":"open","sticky":false,"template":"","format":"standard","meta":{"footnotes":""},"categories":[1],"tags":[],"class_list":["post-21165","post","type-post","status-publish","format-standard","has-post-thumbnail","hentry","category-uncategorized"],"_links":{"self":[{"href":"https:\/\/wpinitiate.com\/echo-test\/demo76e71539\/wp-json\/wp\/v2\/posts\/21165","targetHints":{"allow":["GET"]}}],"collection":[{"href":"https:\/\/wpinitiate.com\/echo-test\/demo76e71539\/wp-json\/wp\/v2\/posts"}],"about":[{"href":"https:\/\/wpinitiate.com\/echo-test\/demo76e71539\/wp-json\/wp\/v2\/types\/post"}],"author":[{"embeddable":true,"href":"https:\/\/wpinitiate.com\/echo-test\/demo76e71539\/wp-json\/wp\/v2\/users\/13963"}],"replies":[{"embeddable":true,"href":"https:\/\/wpinitiate.com\/echo-test\/demo76e71539\/wp-json\/wp\/v2\/comments?post=21165"}],"version-history":[{"count":0,"href":"https:\/\/wpinitiate.com\/echo-test\/demo76e71539\/wp-json\/wp\/v2\/posts\/21165\/revisions"}],"wp:featuredmedia":[{"embeddable":true,"href":"https:\/\/wpinitiate.com\/echo-test\/demo76e71539\/wp-json\/wp\/v2\/media\/21166"}],"wp:attachment":[{"href":"https:\/\/wpinitiate.com\/echo-test\/demo76e71539\/wp-json\/wp\/v2\/media?parent=21165"}],"wp:term":[{"taxonomy":"category","embeddable":true,"href":"https:\/\/wpinitiate.com\/echo-test\/demo76e71539\/wp-json\/wp\/v2\/categories?post=21165"},{"taxonomy":"post_tag","embeddable":true,"href":"https:\/\/wpinitiate.com\/echo-test\/demo76e71539\/wp-json\/wp\/v2\/tags?post=21165"}],"curies":[{"name":"wp","href":"https:\/\/api.w.org\/{rel}","templated":true}]}}