{"id":21185,"date":"2026-01-15T10:26:59","date_gmt":"2026-01-15T10:26:59","guid":{"rendered":"https:\/\/wpinitiate.com\/echo-test\/demo76e71539\/2026\/01\/15\/ende-der-rezession-deutsche-wirtschaft-wachst-erstmals-seit-zwei-jahren\/"},"modified":"2026-01-15T10:26:59","modified_gmt":"2026-01-15T10:26:59","slug":"ende-der-rezession-deutsche-wirtschaft-wachst-erstmals-seit-zwei-jahren","status":"publish","type":"post","link":"https:\/\/wpinitiate.com\/echo-test\/demo76e71539\/2026\/01\/15\/ende-der-rezession-deutsche-wirtschaft-wachst-erstmals-seit-zwei-jahren\/","title":{"rendered":"Ende der Rezession: Deutsche Wirtschaft w\u00e4chst erstmals seit zwei Jahren"},"content":{"rendered":"<p>Das Bruttoinlandsprodukt in Deutschland ist im vergangenen Jahr wieder leicht gestiegen. Das Wachstum ist vor allem auf die staatlichen Milliardeninvestitionen zur\u00fcckzuf\u00fchren. Mit einem sp\u00fcrbaren Aufschwung ist erst 2027 zu rechnen.<\/p>\n","protected":false},"excerpt":{"rendered":"<p>Das Bruttoinlandsprodukt in Deutschland ist im vergangenen Jahr wieder leicht gestiegen. Das Wachstum ist vor allem auf die staatlichen Milliardeninvestitionen zur\u00fcckzuf\u00fchren. Mit einem sp\u00fcrbaren Aufschwung ist erst 2027 zu rechnen.<\/p>\n","protected":false},"author":1,"featured_media":0,"comment_status":"open","ping_status":"open","sticky":false,"template":"","format":"standard","meta":{"footnotes":""},"categories":[1],"tags":[],"class_list":["post-21185","post","type-post","status-publish","format-standard","hentry","category-uncategorized"],"_links":{"self":[{"href":"https:\/\/wpinitiate.com\/echo-test\/demo76e71539\/wp-json\/wp\/v2\/posts\/21185","targetHints":{"allow":["GET"]}}],"collection":[{"href":"https:\/\/wpinitiate.com\/echo-test\/demo76e71539\/wp-json\/wp\/v2\/posts"}],"about":[{"href":"https:\/\/wpinitiate.com\/echo-test\/demo76e71539\/wp-json\/wp\/v2\/types\/post"}],"author":[{"embeddable":true,"href":"https:\/\/wpinitiate.com\/echo-test\/demo76e71539\/wp-json\/wp\/v2\/users\/1"}],"replies":[{"embeddable":true,"href":"https:\/\/wpinitiate.com\/echo-test\/demo76e71539\/wp-json\/wp\/v2\/comments?post=21185"}],"version-history":[{"count":0,"href":"https:\/\/wpinitiate.com\/echo-test\/demo76e71539\/wp-json\/wp\/v2\/posts\/21185\/revisions"}],"wp:attachment":[{"href":"https:\/\/wpinitiate.com\/echo-test\/demo76e71539\/wp-json\/wp\/v2\/media?parent=21185"}],"wp:term":[{"taxonomy":"category","embeddable":true,"href":"https:\/\/wpinitiate.com\/echo-test\/demo76e71539\/wp-json\/wp\/v2\/categories?post=21185"},{"taxonomy":"post_tag","embeddable":true,"href":"https:\/\/wpinitiate.com\/echo-test\/demo76e71539\/wp-json\/wp\/v2\/tags?post=21185"}],"curies":[{"name":"wp","href":"https:\/\/api.w.org\/{rel}","templated":true}]}}