{"id":21255,"date":"2026-01-16T13:31:23","date_gmt":"2026-01-16T13:31:23","guid":{"rendered":"https:\/\/wpinitiate.com\/echo-test\/demo76e71539\/2026\/01\/16\/daimler-truck-absatzschwund-bei-nutzfahrzeughersteller-nordamerika-schwachelt\/"},"modified":"2026-01-16T13:31:23","modified_gmt":"2026-01-16T13:31:23","slug":"daimler-truck-absatzschwund-bei-nutzfahrzeughersteller-nordamerika-schwachelt","status":"publish","type":"post","link":"https:\/\/wpinitiate.com\/echo-test\/demo76e71539\/2026\/01\/16\/daimler-truck-absatzschwund-bei-nutzfahrzeughersteller-nordamerika-schwachelt\/","title":{"rendered":"Daimler Truck: Absatzschwund bei Nutzfahrzeughersteller &#8211; Nordamerika schw\u00e4chelt"},"content":{"rendered":"<p>Daimler-Trucks-Chefin Karin R\u00e5dstr\u00f6m hat dem Konzern ein heftiges Sparprogramm auferlegt, Wettbewerbsf\u00e4higkeit ist das Ziel. F\u00fcr das vergangene Jahr muss der Konzern aber entt\u00e4uschende Zahlen hinnehmen: Vor allem in Nordamerika ist der Absatz eingebrochen.<\/p>\n","protected":false},"excerpt":{"rendered":"<p>Daimler-Trucks-Chefin Karin R\u00e5dstr\u00f6m hat dem Konzern ein heftiges Sparprogramm auferlegt, Wettbewerbsf\u00e4higkeit ist das Ziel. F\u00fcr das vergangene Jahr muss der Konzern aber entt\u00e4uschende Zahlen hinnehmen: Vor allem in Nordamerika ist der Absatz eingebrochen.<\/p>\n","protected":false},"author":1,"featured_media":0,"comment_status":"open","ping_status":"open","sticky":false,"template":"","format":"standard","meta":{"footnotes":""},"categories":[1],"tags":[],"class_list":["post-21255","post","type-post","status-publish","format-standard","hentry","category-uncategorized"],"_links":{"self":[{"href":"https:\/\/wpinitiate.com\/echo-test\/demo76e71539\/wp-json\/wp\/v2\/posts\/21255","targetHints":{"allow":["GET"]}}],"collection":[{"href":"https:\/\/wpinitiate.com\/echo-test\/demo76e71539\/wp-json\/wp\/v2\/posts"}],"about":[{"href":"https:\/\/wpinitiate.com\/echo-test\/demo76e71539\/wp-json\/wp\/v2\/types\/post"}],"author":[{"embeddable":true,"href":"https:\/\/wpinitiate.com\/echo-test\/demo76e71539\/wp-json\/wp\/v2\/users\/1"}],"replies":[{"embeddable":true,"href":"https:\/\/wpinitiate.com\/echo-test\/demo76e71539\/wp-json\/wp\/v2\/comments?post=21255"}],"version-history":[{"count":0,"href":"https:\/\/wpinitiate.com\/echo-test\/demo76e71539\/wp-json\/wp\/v2\/posts\/21255\/revisions"}],"wp:attachment":[{"href":"https:\/\/wpinitiate.com\/echo-test\/demo76e71539\/wp-json\/wp\/v2\/media?parent=21255"}],"wp:term":[{"taxonomy":"category","embeddable":true,"href":"https:\/\/wpinitiate.com\/echo-test\/demo76e71539\/wp-json\/wp\/v2\/categories?post=21255"},{"taxonomy":"post_tag","embeddable":true,"href":"https:\/\/wpinitiate.com\/echo-test\/demo76e71539\/wp-json\/wp\/v2\/tags?post=21255"}],"curies":[{"name":"wp","href":"https:\/\/api.w.org\/{rel}","templated":true}]}}