{"id":2139,"date":"2025-01-03T07:36:07","date_gmt":"2025-01-03T07:36:07","guid":{"rendered":"https:\/\/wpinitiate.com\/echo-test\/demo76e71539\/2025\/01\/03\/mark-zuckerberg-facebook-konzern-beruft-neuen-politik-chef-mit-nahe-zu-trump\/"},"modified":"2025-01-03T07:36:07","modified_gmt":"2025-01-03T07:36:07","slug":"mark-zuckerberg-facebook-konzern-beruft-neuen-politik-chef-mit-nahe-zu-trump","status":"publish","type":"post","link":"https:\/\/wpinitiate.com\/echo-test\/demo76e71539\/2025\/01\/03\/mark-zuckerberg-facebook-konzern-beruft-neuen-politik-chef-mit-nahe-zu-trump\/","title":{"rendered":"Mark Zuckerberg: Facebook-Konzern beruft neuen Politik-Chef mit N\u00e4he zu Trump"},"content":{"rendered":"<p>Vor wenigen Monaten drohte Donald Trump Facebook-Gr\u00fcnder Mark Zuckerberg mit Gef\u00e4ngnis. Jetzt bekommt der Onlineriese einen konservativen Politik-Chef, der gut mit Trumps Republikanern klarkommt.<\/p>\n","protected":false},"excerpt":{"rendered":"<p>Vor wenigen Monaten drohte Donald Trump Facebook-Gr\u00fcnder Mark Zuckerberg mit Gef\u00e4ngnis. Jetzt bekommt der Onlineriese einen konservativen Politik-Chef, der gut mit Trumps Republikanern klarkommt.<\/p>\n","protected":false},"author":1,"featured_media":2140,"comment_status":"open","ping_status":"open","sticky":false,"template":"","format":"standard","meta":{"footnotes":""},"categories":[1],"tags":[],"class_list":["post-2139","post","type-post","status-publish","format-standard","has-post-thumbnail","hentry","category-uncategorized"],"_links":{"self":[{"href":"https:\/\/wpinitiate.com\/echo-test\/demo76e71539\/wp-json\/wp\/v2\/posts\/2139","targetHints":{"allow":["GET"]}}],"collection":[{"href":"https:\/\/wpinitiate.com\/echo-test\/demo76e71539\/wp-json\/wp\/v2\/posts"}],"about":[{"href":"https:\/\/wpinitiate.com\/echo-test\/demo76e71539\/wp-json\/wp\/v2\/types\/post"}],"author":[{"embeddable":true,"href":"https:\/\/wpinitiate.com\/echo-test\/demo76e71539\/wp-json\/wp\/v2\/users\/1"}],"replies":[{"embeddable":true,"href":"https:\/\/wpinitiate.com\/echo-test\/demo76e71539\/wp-json\/wp\/v2\/comments?post=2139"}],"version-history":[{"count":0,"href":"https:\/\/wpinitiate.com\/echo-test\/demo76e71539\/wp-json\/wp\/v2\/posts\/2139\/revisions"}],"wp:featuredmedia":[{"embeddable":true,"href":"https:\/\/wpinitiate.com\/echo-test\/demo76e71539\/wp-json\/wp\/v2\/media\/2140"}],"wp:attachment":[{"href":"https:\/\/wpinitiate.com\/echo-test\/demo76e71539\/wp-json\/wp\/v2\/media?parent=2139"}],"wp:term":[{"taxonomy":"category","embeddable":true,"href":"https:\/\/wpinitiate.com\/echo-test\/demo76e71539\/wp-json\/wp\/v2\/categories?post=2139"},{"taxonomy":"post_tag","embeddable":true,"href":"https:\/\/wpinitiate.com\/echo-test\/demo76e71539\/wp-json\/wp\/v2\/tags?post=2139"}],"curies":[{"name":"wp","href":"https:\/\/api.w.org\/{rel}","templated":true}]}}