{"id":22266,"date":"2026-02-01T20:26:26","date_gmt":"2026-02-01T20:26:26","guid":{"rendered":"https:\/\/wpinitiate.com\/echo-test\/demo76e71539\/2026\/02\/01\/celtic-identify-this-in-form-number-9-as-a-striking-option-would-he-improve-their-quality-in-attack\/"},"modified":"2026-02-01T20:26:26","modified_gmt":"2026-02-01T20:26:26","slug":"celtic-identify-this-in-form-number-9-as-a-striking-option-would-he-improve-their-quality-in-attack","status":"publish","type":"post","link":"https:\/\/wpinitiate.com\/echo-test\/demo76e71539\/2026\/02\/01\/celtic-identify-this-in-form-number-9-as-a-striking-option-would-he-improve-their-quality-in-attack\/","title":{"rendered":"Celtic Identify This In-form \u2018Number 9\u2019 As A Striking Option: Would He Improve Their Quality In Attack?"},"content":{"rendered":"<div>\n<p>If a recent update from transfer reporter Rudy Galetti (as cited by <a href=\"https:\/\/www.dailyrecord.co.uk\/sport\/football\/football-transfer-news\/celtic-transfer-mulahusejnovic-hogh-fofana-36647955\">The Daily Record<\/a>) is believed to be true, Rangers have identified Nardin Mulahusejnovic as one of their striking targets before Monday\u2019s winter deadline. They are also in the mix for \u00a0Bodo\/Glimt ace Kasper Hogh and Freiburg\u2019s Junior Adamu. But the Noah FC \u2018number 9\u2019 remains an option if they fail to snap up either of the above names.<\/p>\n<p>The 27-year-old Bosnia and Herzegovina international has been a journeyman all his career. Besides a brief stint with \u017deljezni\u010dar, he primarily progressed through Bratstvo Gra\u010danica\u2019s academy ranks before securing a first-team status. Zrinjski Mostar secured his services on a Bosman, but eventually sanctioned a \u20ac150k exit to the Slovak giants Maribor following a productive six-month spell with GO\u0160K Gabela.<\/p>\n<p>Although he had a forgettable tenure in Maribor, a move to fellow Slovenian PrvaLiga outfit Koper saw him revive his rhythm high up the pitch. Mura splashed \u20ac400k to have him in their ranks, but the big centre-forward eventually returned to his homeland with Sarajevo, failing to score enough for the\u00a0Murska Sobota side.<\/p>\n<figure id=\"attachment_343236\" aria-describedby=\"caption-attachment-343236\"><img data-lazyloaded=\"1\" fetchpriority=\"high\" decoding=\"async\" src=\"http:\/\/the4thofficial.net\/wp-content\/uploads\/2026\/02\/tottenham-hotspur-v-ns-mura-group-b-uefa-europa-conference-league-scaled.jpg\" alt=\"Celtic target Nardin Mulahusejnovic in action against Tottenham Hotspur\" width=\"2560\" height=\"1706\" srcset=\"https:\/\/the4thofficial.net\/wp-content\/uploads\/2026\/02\/tottenham-hotspur-v-ns-mura-group-b-uefa-europa-conference-league-scaled.jpg 2560w, https:\/\/the4thofficial.net\/wp-content\/uploads\/2026\/02\/tottenham-hotspur-v-ns-mura-group-b-uefa-europa-conference-league-300x200.jpg 300w, https:\/\/the4thofficial.net\/wp-content\/uploads\/2026\/02\/tottenham-hotspur-v-ns-mura-group-b-uefa-europa-conference-league-1024x683.jpg 1024w, https:\/\/the4thofficial.net\/wp-content\/uploads\/2026\/02\/tottenham-hotspur-v-ns-mura-group-b-uefa-europa-conference-league-150x100.jpg 150w, https:\/\/the4thofficial.net\/wp-content\/uploads\/2026\/02\/tottenham-hotspur-v-ns-mura-group-b-uefa-europa-conference-league-768x512.jpg 768w, https:\/\/the4thofficial.net\/wp-content\/uploads\/2026\/02\/tottenham-hotspur-v-ns-mura-group-b-uefa-europa-conference-league-1536x1024.jpg 1536w, https:\/\/the4thofficial.net\/wp-content\/uploads\/2026\/02\/tottenham-hotspur-v-ns-mura-group-b-uefa-europa-conference-league-2048x1365.jpg 2048w, https:\/\/the4thofficial.net\/wp-content\/uploads\/2026\/02\/tottenham-hotspur-v-ns-mura-group-b-uefa-europa-conference-league-630x420.jpg 630w, https:\/\/the4thofficial.net\/wp-content\/uploads\/2026\/02\/tottenham-hotspur-v-ns-mura-group-b-uefa-europa-conference-league-1260x840.jpg 1260w, https:\/\/the4thofficial.net\/wp-content\/uploads\/2026\/02\/tottenham-hotspur-v-ns-mura-group-b-uefa-europa-conference-league-600x400.jpg 600w, https:\/\/the4thofficial.net\/wp-content\/uploads\/2026\/02\/tottenham-hotspur-v-ns-mura-group-b-uefa-europa-conference-league-696x464.jpg 696w, https:\/\/the4thofficial.net\/wp-content\/uploads\/2026\/02\/tottenham-hotspur-v-ns-mura-group-b-uefa-europa-conference-league-1392x928.jpg 1392w, https:\/\/the4thofficial.net\/wp-content\/uploads\/2026\/02\/tottenham-hotspur-v-ns-mura-group-b-uefa-europa-conference-league-1068x712.jpg 1068w, https:\/\/the4thofficial.net\/wp-content\/uploads\/2026\/02\/tottenham-hotspur-v-ns-mura-group-b-uefa-europa-conference-league-1920x1280.jpg 1920w\" data-sizes=\"(max-width: 2560px) 100vw, 2560px\"><figcaption id=\"caption-attachment-343236\">LONDON, ENGLAND \u2013 SEPTEMBER 30: Nardin Mulahusejnovic of NS Mura wins a header during the UEFA Europa Conference League group G match between Tottenham Hotspur and NS Mura at Tottenham Hotspur Stadium on September 30, 2021 in London, England. (Photo by Shaun Botterill\/Getty Images)<\/figcaption><\/figure>\n<p>After a year with Dynamo Makhachkala in Russia, Mulahusejnovic finally regained his scoring touch upon his return to Koper, followed by Zrinjski Mostar. He enjoyed a 16-goal season for the latter, which earned him a \u20ac230k transfer to Armenian champions Noah last summer. The Bosnian is currently the joint top scorer (with Mikael Ishak and Franko Kova\u010devi\u0107) with 5 goals in 6 UEFA Europa Conference League fixtures, and <a href=\"https:\/\/the4thofficial.net\/category\/leagues\/scottish-league\/celtic\/\">Celtic<\/a>, despite loaning in Tom\u00e1\u0161 \u010cvan\u010dara from Borussia Monchengladbach for the remainder of the season, are now eyeing another targetman.<\/p>\n<h3><strong>Do Celtic Need Another \u2018Number 9\u2019?<\/strong><\/h3>\n<p>The Hoops, on paper, have ample options upfront. Kelechi Iheanacho is back from his injury, and the young Johnny Kenny has shown his sparks as an understudy to Iheanacho and Daizen Maeda. Maeda, however, is more effective from the wide for his work rate and link-up play, and the arrival of \u010cvan\u010dara allowed him to shift to his preferred position against Hearts in their previous Premiership contest.<\/p>\n<p>Meanwhile, Iheanacho\u2019s fitness woes could frustrate Celtic further in the decisive months of the season. Kenny is not ready yet to handle the pressure week in and week out, and the failure of both Sebastian Tounekti and Michel-Ange Balikwisha, as well as Jota\u2019s season-ending injury, demands Maeda\u2019s creative spark as a wing forward. In-form Mulahusejnovic might prove productive as a \u2018super sub\u2019, as the Bhoys would look to bank on his current form in Europe to bolster their Premiership hopes.<\/p>\n<\/div>\n","protected":false},"excerpt":{"rendered":"<p>If a recent update from transfer reporter Rudy Galetti (as cited by The Daily Record) is believed to be true, Rangers have identified Nardin Mulahusejnovic as one of their striking targets before Monday\u2019s winter deadline. They are also in the mix for \u00a0Bodo\/Glimt ace Kasper Hogh and Freiburg\u2019s Junior Adamu. But the Noah FC \u2018number [&hellip;]<\/p>\n","protected":false},"author":12953,"featured_media":22267,"comment_status":"open","ping_status":"open","sticky":false,"template":"","format":"standard","meta":{"footnotes":""},"categories":[1],"tags":[],"class_list":["post-22266","post","type-post","status-publish","format-standard","has-post-thumbnail","hentry","category-uncategorized"],"_links":{"self":[{"href":"https:\/\/wpinitiate.com\/echo-test\/demo76e71539\/wp-json\/wp\/v2\/posts\/22266","targetHints":{"allow":["GET"]}}],"collection":[{"href":"https:\/\/wpinitiate.com\/echo-test\/demo76e71539\/wp-json\/wp\/v2\/posts"}],"about":[{"href":"https:\/\/wpinitiate.com\/echo-test\/demo76e71539\/wp-json\/wp\/v2\/types\/post"}],"author":[{"embeddable":true,"href":"https:\/\/wpinitiate.com\/echo-test\/demo76e71539\/wp-json\/wp\/v2\/users\/12953"}],"replies":[{"embeddable":true,"href":"https:\/\/wpinitiate.com\/echo-test\/demo76e71539\/wp-json\/wp\/v2\/comments?post=22266"}],"version-history":[{"count":0,"href":"https:\/\/wpinitiate.com\/echo-test\/demo76e71539\/wp-json\/wp\/v2\/posts\/22266\/revisions"}],"wp:featuredmedia":[{"embeddable":true,"href":"https:\/\/wpinitiate.com\/echo-test\/demo76e71539\/wp-json\/wp\/v2\/media\/22267"}],"wp:attachment":[{"href":"https:\/\/wpinitiate.com\/echo-test\/demo76e71539\/wp-json\/wp\/v2\/media?parent=22266"}],"wp:term":[{"taxonomy":"category","embeddable":true,"href":"https:\/\/wpinitiate.com\/echo-test\/demo76e71539\/wp-json\/wp\/v2\/categories?post=22266"},{"taxonomy":"post_tag","embeddable":true,"href":"https:\/\/wpinitiate.com\/echo-test\/demo76e71539\/wp-json\/wp\/v2\/tags?post=22266"}],"curies":[{"name":"wp","href":"https:\/\/api.w.org\/{rel}","templated":true}]}}