{"id":2241,"date":"2025-01-12T20:34:06","date_gmt":"2025-01-12T20:34:06","guid":{"rendered":"https:\/\/wpinitiate.com\/echo-test\/demo76e71539\/2025\/01\/12\/apple-iphone-konzern-verteidigt-diversitatsinitiativen-gegen-aktionarsantrag\/"},"modified":"2025-01-12T20:34:06","modified_gmt":"2025-01-12T20:34:06","slug":"apple-iphone-konzern-verteidigt-diversitatsinitiativen-gegen-aktionarsantrag","status":"publish","type":"post","link":"https:\/\/wpinitiate.com\/echo-test\/demo76e71539\/2025\/01\/12\/apple-iphone-konzern-verteidigt-diversitatsinitiativen-gegen-aktionarsantrag\/","title":{"rendered":"Apple: iPhone-Konzern verteidigt Diversit\u00e4tsinitiativen gegen Aktion\u00e4rsantrag"},"content":{"rendered":"<p>Apple will an seinen Programmen f\u00fcr Vielfalt, Gleichberechtigung und Inklusion festhalten \u2013 damit stellt sich der Konzern von CEO Tim Cook gegen Aktion\u00e4re, die die Abschaffung dieser Initiativen fordern. \u00c4hnliche Debatten gibt es zurzeit in vielen US-Unternehmen.<\/p>\n","protected":false},"excerpt":{"rendered":"<p>Apple will an seinen Programmen f\u00fcr Vielfalt, Gleichberechtigung und Inklusion festhalten \u2013 damit stellt sich der Konzern von CEO Tim Cook gegen Aktion\u00e4re, die die Abschaffung dieser Initiativen fordern. \u00c4hnliche Debatten gibt es zurzeit in vielen US-Unternehmen.<\/p>\n","protected":false},"author":1,"featured_media":2242,"comment_status":"open","ping_status":"open","sticky":false,"template":"","format":"standard","meta":{"footnotes":""},"categories":[1],"tags":[],"class_list":["post-2241","post","type-post","status-publish","format-standard","has-post-thumbnail","hentry","category-uncategorized"],"_links":{"self":[{"href":"https:\/\/wpinitiate.com\/echo-test\/demo76e71539\/wp-json\/wp\/v2\/posts\/2241","targetHints":{"allow":["GET"]}}],"collection":[{"href":"https:\/\/wpinitiate.com\/echo-test\/demo76e71539\/wp-json\/wp\/v2\/posts"}],"about":[{"href":"https:\/\/wpinitiate.com\/echo-test\/demo76e71539\/wp-json\/wp\/v2\/types\/post"}],"author":[{"embeddable":true,"href":"https:\/\/wpinitiate.com\/echo-test\/demo76e71539\/wp-json\/wp\/v2\/users\/1"}],"replies":[{"embeddable":true,"href":"https:\/\/wpinitiate.com\/echo-test\/demo76e71539\/wp-json\/wp\/v2\/comments?post=2241"}],"version-history":[{"count":0,"href":"https:\/\/wpinitiate.com\/echo-test\/demo76e71539\/wp-json\/wp\/v2\/posts\/2241\/revisions"}],"wp:featuredmedia":[{"embeddable":true,"href":"https:\/\/wpinitiate.com\/echo-test\/demo76e71539\/wp-json\/wp\/v2\/media\/2242"}],"wp:attachment":[{"href":"https:\/\/wpinitiate.com\/echo-test\/demo76e71539\/wp-json\/wp\/v2\/media?parent=2241"}],"wp:term":[{"taxonomy":"category","embeddable":true,"href":"https:\/\/wpinitiate.com\/echo-test\/demo76e71539\/wp-json\/wp\/v2\/categories?post=2241"},{"taxonomy":"post_tag","embeddable":true,"href":"https:\/\/wpinitiate.com\/echo-test\/demo76e71539\/wp-json\/wp\/v2\/tags?post=2241"}],"curies":[{"name":"wp","href":"https:\/\/api.w.org\/{rel}","templated":true}]}}