{"id":22540,"date":"2026-02-04T22:27:25","date_gmt":"2026-02-04T22:27:25","guid":{"rendered":"https:\/\/wpinitiate.com\/echo-test\/demo76e71539\/2026\/02\/04\/celtic-keen-on-free-agent-who-was-a-former-liverpool-star-why-he-would-bolster-their-title-hopes\/"},"modified":"2026-02-04T22:27:25","modified_gmt":"2026-02-04T22:27:25","slug":"celtic-keen-on-free-agent-who-was-a-former-liverpool-star-why-he-would-bolster-their-title-hopes","status":"publish","type":"post","link":"https:\/\/wpinitiate.com\/echo-test\/demo76e71539\/2026\/02\/04\/celtic-keen-on-free-agent-who-was-a-former-liverpool-star-why-he-would-bolster-their-title-hopes\/","title":{"rendered":"Celtic Keen On Free Agent Who Was A Former Liverpool Star: Why He Would Bolster Their Title Hopes"},"content":{"rendered":"<div>\n<p>Last updated on: February 4, 2026<\/p>\n<p>According to the interim Celtic boss Martin O\u2019Neill, Alex Oxlade-Chamberlain might join them as a free agent in the coming days.<\/p>\n<p>The former <a href=\"https:\/\/the4thofficial.net\/category\/leagues\/english-premier-league\/arsenal\/\">Arsenal<\/a> and Liverpool star has been training under Mikel Arteta in recent months after his contract with Besiktas was terminated last summer. But the Gunners could also snap him up on a short-term contract in the wake of Mikel Merino\u2019s long-term injury.<\/p>\n<blockquote>\n<p><em><strong>\u00a0\u201cIf you can get a player of that sort of calibre, that would be great. It would be really great. But I can understand that there are lots of other things around there. Arsenal too. Listen, if we were even on a close list, that would be fine.\u201d<\/strong><\/em><\/p>\n<\/blockquote>\n<p>Told the veteran Northern Irish boss (as quoted by <a href=\"https:\/\/www.express.co.uk\/sport\/football\/2166435\/celtic-alex-oxlade-chamberlain-free-transfer\">The Express<\/a>), citing that money won\u2019t be an issue to bring him to Parkhead.<\/p>\n<p>The 32-year-old former England international progressed through Southampton\u2019s academy ranks but was eventually signed by the Gunners after an impressive campaign in League One. After six seasons and 198 first-team appearances, Oxlade-Chamberlain joined Liverpool for \u00a335m in the summer of 2017.<\/p>\n<figure id=\"attachment_343493\" aria-describedby=\"caption-attachment-343493\"><img data-lazyloaded=\"1\" fetchpriority=\"high\" decoding=\"async\" src=\"http:\/\/the4thofficial.net\/wp-content\/uploads\/2026\/02\/arsenal-fc-training-session-and-press-conference-uefa-champions-league-2025-26-league-phase-md4-scaled.jpg\" alt=\"Celtic target Oxlade-Chamberlain training with Arsenal\" width=\"2560\" height=\"1706\" srcset=\"https:\/\/the4thofficial.net\/wp-content\/uploads\/2026\/02\/arsenal-fc-training-session-and-press-conference-uefa-champions-league-2025-26-league-phase-md4-scaled.jpg 2560w, https:\/\/the4thofficial.net\/wp-content\/uploads\/2026\/02\/arsenal-fc-training-session-and-press-conference-uefa-champions-league-2025-26-league-phase-md4-300x200.jpg 300w, https:\/\/the4thofficial.net\/wp-content\/uploads\/2026\/02\/arsenal-fc-training-session-and-press-conference-uefa-champions-league-2025-26-league-phase-md4-1024x682.jpg 1024w, https:\/\/the4thofficial.net\/wp-content\/uploads\/2026\/02\/arsenal-fc-training-session-and-press-conference-uefa-champions-league-2025-26-league-phase-md4-150x100.jpg 150w, https:\/\/the4thofficial.net\/wp-content\/uploads\/2026\/02\/arsenal-fc-training-session-and-press-conference-uefa-champions-league-2025-26-league-phase-md4-768x512.jpg 768w, https:\/\/the4thofficial.net\/wp-content\/uploads\/2026\/02\/arsenal-fc-training-session-and-press-conference-uefa-champions-league-2025-26-league-phase-md4-1536x1024.jpg 1536w, https:\/\/the4thofficial.net\/wp-content\/uploads\/2026\/02\/arsenal-fc-training-session-and-press-conference-uefa-champions-league-2025-26-league-phase-md4-2048x1365.jpg 2048w, https:\/\/the4thofficial.net\/wp-content\/uploads\/2026\/02\/arsenal-fc-training-session-and-press-conference-uefa-champions-league-2025-26-league-phase-md4-630x420.jpg 630w, https:\/\/the4thofficial.net\/wp-content\/uploads\/2026\/02\/arsenal-fc-training-session-and-press-conference-uefa-champions-league-2025-26-league-phase-md4-1260x840.jpg 1260w, https:\/\/the4thofficial.net\/wp-content\/uploads\/2026\/02\/arsenal-fc-training-session-and-press-conference-uefa-champions-league-2025-26-league-phase-md4-600x400.jpg 600w, https:\/\/the4thofficial.net\/wp-content\/uploads\/2026\/02\/arsenal-fc-training-session-and-press-conference-uefa-champions-league-2025-26-league-phase-md4-696x464.jpg 696w, https:\/\/the4thofficial.net\/wp-content\/uploads\/2026\/02\/arsenal-fc-training-session-and-press-conference-uefa-champions-league-2025-26-league-phase-md4-1392x928.jpg 1392w, https:\/\/the4thofficial.net\/wp-content\/uploads\/2026\/02\/arsenal-fc-training-session-and-press-conference-uefa-champions-league-2025-26-league-phase-md4-1068x712.jpg 1068w, https:\/\/the4thofficial.net\/wp-content\/uploads\/2026\/02\/arsenal-fc-training-session-and-press-conference-uefa-champions-league-2025-26-league-phase-md4-1920x1280.jpg 1920w\" data-sizes=\"(max-width: 2560px) 100vw, 2560px\"><figcaption id=\"caption-attachment-343493\">LONDON COLNEY, ENGLAND \u2013 NOVEMBER 03: Alex Oxlade-Chamberlain attends a training session of Arsenal FC ahead of the UEFA Champions League match between Arsenal FC and SK Slavia Praha at Sobha Realty Training Centre on November 03, 2025 in London Colney, England. (Photo by Harry Murphy\/Getty Images)<\/figcaption><\/figure>\n<p>Although his time at Merseyside was plagued by injuries, the Englishman contributed to their Premier League, UEFA Champions League, FIFA Club World Cup, UEFA Super Cup and EFL Cup triumphs before joining Besiktas on a Bosman.<\/p>\n<p>He featured 50 times for them over the past two seasons, but was frozen out by Giovanni van Bronckhorst, the former Rangers boss, early into the 2024-25 season. Ole Gunnar Solskj\u00e6r brought him back to the first team a year ago, but the club parted ways with him on 27th August, a day before the Norwegian was relieved from his duties as the Black Eagles boss.<\/p>\n<h3><strong>Why His Arrival Should Boost Celtic In The Title Race<\/strong><\/h3>\n<p>Oxlade-Chamberlain has been without a club ever since, but is now ready to finish the season strongly, having worked on his fitness in North London. It remains to be seen whether Arteta brings him back to the Emirates, but a move north of the border would also be a fascinating challenge, given the three-horse Premiership race among <a href=\"https:\/\/the4thofficial.net\/category\/leagues\/scottish-league\/celtic\/\">Celtic<\/a>, Rangers and the league leaders Hearts.<\/p>\n<p>The Hoops tied down five players on loan in the January window. Julian Araujo and Benjamin Arthur have been brought in to bolster the backline, whereas Tom\u00e1\u0161 \u010cvan\u010dara, Junior Adamu and Joel Mvuka should boost their attack for the remainder of the season. However, they have not strengthened their midfield in the winter, and Oxlade-Chamberlain, with his enormous experience and all-round traits, would challenge and cover Benjamin Nygren and Arne Engels for the \u2018number 8\u2019 spots.<\/p>\n<\/div>\n","protected":false},"excerpt":{"rendered":"<p>Last updated on: February 4, 2026 According to the interim Celtic boss Martin O\u2019Neill, Alex Oxlade-Chamberlain might join them as a free agent in the coming days. The former Arsenal and Liverpool star has been training under Mikel Arteta in recent months after his contract with Besiktas was terminated last summer. But the Gunners could [&hellip;]<\/p>\n","protected":false},"author":12953,"featured_media":22541,"comment_status":"open","ping_status":"open","sticky":false,"template":"","format":"standard","meta":{"footnotes":""},"categories":[1],"tags":[],"class_list":["post-22540","post","type-post","status-publish","format-standard","has-post-thumbnail","hentry","category-uncategorized"],"_links":{"self":[{"href":"https:\/\/wpinitiate.com\/echo-test\/demo76e71539\/wp-json\/wp\/v2\/posts\/22540","targetHints":{"allow":["GET"]}}],"collection":[{"href":"https:\/\/wpinitiate.com\/echo-test\/demo76e71539\/wp-json\/wp\/v2\/posts"}],"about":[{"href":"https:\/\/wpinitiate.com\/echo-test\/demo76e71539\/wp-json\/wp\/v2\/types\/post"}],"author":[{"embeddable":true,"href":"https:\/\/wpinitiate.com\/echo-test\/demo76e71539\/wp-json\/wp\/v2\/users\/12953"}],"replies":[{"embeddable":true,"href":"https:\/\/wpinitiate.com\/echo-test\/demo76e71539\/wp-json\/wp\/v2\/comments?post=22540"}],"version-history":[{"count":0,"href":"https:\/\/wpinitiate.com\/echo-test\/demo76e71539\/wp-json\/wp\/v2\/posts\/22540\/revisions"}],"wp:featuredmedia":[{"embeddable":true,"href":"https:\/\/wpinitiate.com\/echo-test\/demo76e71539\/wp-json\/wp\/v2\/media\/22541"}],"wp:attachment":[{"href":"https:\/\/wpinitiate.com\/echo-test\/demo76e71539\/wp-json\/wp\/v2\/media?parent=22540"}],"wp:term":[{"taxonomy":"category","embeddable":true,"href":"https:\/\/wpinitiate.com\/echo-test\/demo76e71539\/wp-json\/wp\/v2\/categories?post=22540"},{"taxonomy":"post_tag","embeddable":true,"href":"https:\/\/wpinitiate.com\/echo-test\/demo76e71539\/wp-json\/wp\/v2\/tags?post=22540"}],"curies":[{"name":"wp","href":"https:\/\/api.w.org\/{rel}","templated":true}]}}