{"id":22898,"date":"2026-02-11T10:28:51","date_gmt":"2026-02-11T10:28:51","guid":{"rendered":"https:\/\/wpinitiate.com\/echo-test\/demo76e71539\/2026\/02\/11\/lufthansa-streik-piloten-und-flugbegleiter-legen-am-donnerstag-arbeit-nieder\/"},"modified":"2026-02-11T10:28:51","modified_gmt":"2026-02-11T10:28:51","slug":"lufthansa-streik-piloten-und-flugbegleiter-legen-am-donnerstag-arbeit-nieder","status":"publish","type":"post","link":"https:\/\/wpinitiate.com\/echo-test\/demo76e71539\/2026\/02\/11\/lufthansa-streik-piloten-und-flugbegleiter-legen-am-donnerstag-arbeit-nieder\/","title":{"rendered":"Lufthansa-Streik: Piloten und Flugbegleiter legen am Donnerstag Arbeit nieder"},"content":{"rendered":"<p>Passagiere der Lufthansa m\u00fcssen an diesem Donnerstag mit Flugausf\u00e4llen und Versp\u00e4tungen rechnen. Grund sind gleichzeitige Arbeitskampfma\u00dfnahmen der Piloten und Flugbegleiter \u00fcber den ganzen Tag. Bestreikt werden sollen s\u00e4mtliche Starts ab Deutschland.<\/p>\n","protected":false},"excerpt":{"rendered":"<p>Passagiere der Lufthansa m\u00fcssen an diesem Donnerstag mit Flugausf\u00e4llen und Versp\u00e4tungen rechnen. Grund sind gleichzeitige Arbeitskampfma\u00dfnahmen der Piloten und Flugbegleiter \u00fcber den ganzen Tag. Bestreikt werden sollen s\u00e4mtliche Starts ab Deutschland.<\/p>\n","protected":false},"author":1,"featured_media":22899,"comment_status":"open","ping_status":"open","sticky":false,"template":"","format":"standard","meta":{"footnotes":""},"categories":[1],"tags":[],"class_list":["post-22898","post","type-post","status-publish","format-standard","has-post-thumbnail","hentry","category-uncategorized"],"_links":{"self":[{"href":"https:\/\/wpinitiate.com\/echo-test\/demo76e71539\/wp-json\/wp\/v2\/posts\/22898","targetHints":{"allow":["GET"]}}],"collection":[{"href":"https:\/\/wpinitiate.com\/echo-test\/demo76e71539\/wp-json\/wp\/v2\/posts"}],"about":[{"href":"https:\/\/wpinitiate.com\/echo-test\/demo76e71539\/wp-json\/wp\/v2\/types\/post"}],"author":[{"embeddable":true,"href":"https:\/\/wpinitiate.com\/echo-test\/demo76e71539\/wp-json\/wp\/v2\/users\/1"}],"replies":[{"embeddable":true,"href":"https:\/\/wpinitiate.com\/echo-test\/demo76e71539\/wp-json\/wp\/v2\/comments?post=22898"}],"version-history":[{"count":0,"href":"https:\/\/wpinitiate.com\/echo-test\/demo76e71539\/wp-json\/wp\/v2\/posts\/22898\/revisions"}],"wp:featuredmedia":[{"embeddable":true,"href":"https:\/\/wpinitiate.com\/echo-test\/demo76e71539\/wp-json\/wp\/v2\/media\/22899"}],"wp:attachment":[{"href":"https:\/\/wpinitiate.com\/echo-test\/demo76e71539\/wp-json\/wp\/v2\/media?parent=22898"}],"wp:term":[{"taxonomy":"category","embeddable":true,"href":"https:\/\/wpinitiate.com\/echo-test\/demo76e71539\/wp-json\/wp\/v2\/categories?post=22898"},{"taxonomy":"post_tag","embeddable":true,"href":"https:\/\/wpinitiate.com\/echo-test\/demo76e71539\/wp-json\/wp\/v2\/tags?post=22898"}],"curies":[{"name":"wp","href":"https:\/\/api.w.org\/{rel}","templated":true}]}}