{"id":23228,"date":"2026-02-17T06:47:38","date_gmt":"2026-02-17T06:47:38","guid":{"rendered":"https:\/\/wpinitiate.com\/echo-test\/demo76e71539\/2026\/02\/17\/m-the-platform-group-wenn-die-pfandung-droht-die-probleme-des-tpg-chefs-dominik-benner\/"},"modified":"2026-02-17T06:47:38","modified_gmt":"2026-02-17T06:47:38","slug":"m-the-platform-group-wenn-die-pfandung-droht-die-probleme-des-tpg-chefs-dominik-benner","status":"publish","type":"post","link":"https:\/\/wpinitiate.com\/echo-test\/demo76e71539\/2026\/02\/17\/m-the-platform-group-wenn-die-pfandung-droht-die-probleme-des-tpg-chefs-dominik-benner\/","title":{"rendered":"(m+) The Platform Group: Wenn die Pf\u00e4ndung droht \u2013 die Probleme des TPG-Chefs Dominik Benner"},"content":{"rendered":"<p>Bei dem E-Commerce-Anbieter The Platform Group h\u00e4ufen sich die Probleme: Ein Anwalt droht mit Pf\u00e4ndung, bei einer Tochter laufen offenbar teilweise die H\u00e4ndler davon. Haupteigner Dominik Benner will trotzdem den n\u00e4chsten Millionendeal abschlie\u00dfen.<\/p>\n","protected":false},"excerpt":{"rendered":"<p>Bei dem E-Commerce-Anbieter The Platform Group h\u00e4ufen sich die Probleme: Ein Anwalt droht mit Pf\u00e4ndung, bei einer Tochter laufen offenbar teilweise die H\u00e4ndler davon. Haupteigner Dominik Benner will trotzdem den n\u00e4chsten Millionendeal abschlie\u00dfen.<\/p>\n","protected":false},"author":1,"featured_media":23229,"comment_status":"open","ping_status":"open","sticky":false,"template":"","format":"standard","meta":{"footnotes":""},"categories":[1],"tags":[],"class_list":["post-23228","post","type-post","status-publish","format-standard","has-post-thumbnail","hentry","category-uncategorized"],"_links":{"self":[{"href":"https:\/\/wpinitiate.com\/echo-test\/demo76e71539\/wp-json\/wp\/v2\/posts\/23228","targetHints":{"allow":["GET"]}}],"collection":[{"href":"https:\/\/wpinitiate.com\/echo-test\/demo76e71539\/wp-json\/wp\/v2\/posts"}],"about":[{"href":"https:\/\/wpinitiate.com\/echo-test\/demo76e71539\/wp-json\/wp\/v2\/types\/post"}],"author":[{"embeddable":true,"href":"https:\/\/wpinitiate.com\/echo-test\/demo76e71539\/wp-json\/wp\/v2\/users\/1"}],"replies":[{"embeddable":true,"href":"https:\/\/wpinitiate.com\/echo-test\/demo76e71539\/wp-json\/wp\/v2\/comments?post=23228"}],"version-history":[{"count":0,"href":"https:\/\/wpinitiate.com\/echo-test\/demo76e71539\/wp-json\/wp\/v2\/posts\/23228\/revisions"}],"wp:featuredmedia":[{"embeddable":true,"href":"https:\/\/wpinitiate.com\/echo-test\/demo76e71539\/wp-json\/wp\/v2\/media\/23229"}],"wp:attachment":[{"href":"https:\/\/wpinitiate.com\/echo-test\/demo76e71539\/wp-json\/wp\/v2\/media?parent=23228"}],"wp:term":[{"taxonomy":"category","embeddable":true,"href":"https:\/\/wpinitiate.com\/echo-test\/demo76e71539\/wp-json\/wp\/v2\/categories?post=23228"},{"taxonomy":"post_tag","embeddable":true,"href":"https:\/\/wpinitiate.com\/echo-test\/demo76e71539\/wp-json\/wp\/v2\/tags?post=23228"}],"curies":[{"name":"wp","href":"https:\/\/api.w.org\/{rel}","templated":true}]}}