{"id":23238,"date":"2026-02-17T11:28:48","date_gmt":"2026-02-17T11:28:48","guid":{"rendered":"https:\/\/wpinitiate.com\/echo-test\/demo76e71539\/2026\/02\/17\/marcel-fratzscher-diw-prasident-rechnet-mit-mehrwertsteuererhohung-auf-21-prozent\/"},"modified":"2026-02-17T11:28:48","modified_gmt":"2026-02-17T11:28:48","slug":"marcel-fratzscher-diw-prasident-rechnet-mit-mehrwertsteuererhohung-auf-21-prozent","status":"publish","type":"post","link":"https:\/\/wpinitiate.com\/echo-test\/demo76e71539\/2026\/02\/17\/marcel-fratzscher-diw-prasident-rechnet-mit-mehrwertsteuererhohung-auf-21-prozent\/","title":{"rendered":"Marcel Fratzscher: DIW-Pr\u00e4sident rechnet mit Mehrwertsteuererh\u00f6hung auf 21 Prozent"},"content":{"rendered":"<p>DIW-Pr\u00e4sident Marcel Fratzscher erwartet von der schwarz-roten Koalition eine \u200bAnhebung der Mehrwertsteuer auf 21 Prozent, um das Haushaltsloch zu stopfen. Zudem erwartet der \u00d6konom kein nennenswertes Wirtschaftswachstum mehr in Deutschland.<\/p>\n","protected":false},"excerpt":{"rendered":"<p>DIW-Pr\u00e4sident Marcel Fratzscher erwartet von der schwarz-roten Koalition eine \u200bAnhebung der Mehrwertsteuer auf 21 Prozent, um das Haushaltsloch zu stopfen. Zudem erwartet der \u00d6konom kein nennenswertes Wirtschaftswachstum mehr in Deutschland.<\/p>\n","protected":false},"author":1,"featured_media":23239,"comment_status":"open","ping_status":"open","sticky":false,"template":"","format":"standard","meta":{"footnotes":""},"categories":[1],"tags":[],"class_list":["post-23238","post","type-post","status-publish","format-standard","has-post-thumbnail","hentry","category-uncategorized"],"_links":{"self":[{"href":"https:\/\/wpinitiate.com\/echo-test\/demo76e71539\/wp-json\/wp\/v2\/posts\/23238","targetHints":{"allow":["GET"]}}],"collection":[{"href":"https:\/\/wpinitiate.com\/echo-test\/demo76e71539\/wp-json\/wp\/v2\/posts"}],"about":[{"href":"https:\/\/wpinitiate.com\/echo-test\/demo76e71539\/wp-json\/wp\/v2\/types\/post"}],"author":[{"embeddable":true,"href":"https:\/\/wpinitiate.com\/echo-test\/demo76e71539\/wp-json\/wp\/v2\/users\/1"}],"replies":[{"embeddable":true,"href":"https:\/\/wpinitiate.com\/echo-test\/demo76e71539\/wp-json\/wp\/v2\/comments?post=23238"}],"version-history":[{"count":0,"href":"https:\/\/wpinitiate.com\/echo-test\/demo76e71539\/wp-json\/wp\/v2\/posts\/23238\/revisions"}],"wp:featuredmedia":[{"embeddable":true,"href":"https:\/\/wpinitiate.com\/echo-test\/demo76e71539\/wp-json\/wp\/v2\/media\/23239"}],"wp:attachment":[{"href":"https:\/\/wpinitiate.com\/echo-test\/demo76e71539\/wp-json\/wp\/v2\/media?parent=23238"}],"wp:term":[{"taxonomy":"category","embeddable":true,"href":"https:\/\/wpinitiate.com\/echo-test\/demo76e71539\/wp-json\/wp\/v2\/categories?post=23238"},{"taxonomy":"post_tag","embeddable":true,"href":"https:\/\/wpinitiate.com\/echo-test\/demo76e71539\/wp-json\/wp\/v2\/tags?post=23238"}],"curies":[{"name":"wp","href":"https:\/\/api.w.org\/{rel}","templated":true}]}}