{"id":23242,"date":"2026-02-17T11:28:46","date_gmt":"2026-02-17T11:28:46","guid":{"rendered":"https:\/\/wpinitiate.com\/echo-test\/demo76e71539\/2026\/02\/17\/thomas-pritzker-hyatt-verwaltungsratschef-tritt-wegen-epstein-kontakten-zuruck\/"},"modified":"2026-02-17T11:28:46","modified_gmt":"2026-02-17T11:28:46","slug":"thomas-pritzker-hyatt-verwaltungsratschef-tritt-wegen-epstein-kontakten-zuruck","status":"publish","type":"post","link":"https:\/\/wpinitiate.com\/echo-test\/demo76e71539\/2026\/02\/17\/thomas-pritzker-hyatt-verwaltungsratschef-tritt-wegen-epstein-kontakten-zuruck\/","title":{"rendered":"Thomas Pritzker: Hyatt-Verwaltungsratschef tritt wegen Epstein-Kontakten zur\u00fcck"},"content":{"rendered":"<p>Im Zusammenhang mit der Epstein-Aff\u00e4re gibt es einen weiteren prominenten R\u00fccktritt: Die US-Hotelkette Hyatt entl\u00e4sst den Chef des Verwaltungsrats, Thomas Pritzker.<\/p>\n","protected":false},"excerpt":{"rendered":"<p>Im Zusammenhang mit der Epstein-Aff\u00e4re gibt es einen weiteren prominenten R\u00fccktritt: Die US-Hotelkette Hyatt entl\u00e4sst den Chef des Verwaltungsrats, Thomas Pritzker.<\/p>\n","protected":false},"author":1,"featured_media":23243,"comment_status":"open","ping_status":"open","sticky":false,"template":"","format":"standard","meta":{"footnotes":""},"categories":[1],"tags":[],"class_list":["post-23242","post","type-post","status-publish","format-standard","has-post-thumbnail","hentry","category-uncategorized"],"_links":{"self":[{"href":"https:\/\/wpinitiate.com\/echo-test\/demo76e71539\/wp-json\/wp\/v2\/posts\/23242","targetHints":{"allow":["GET"]}}],"collection":[{"href":"https:\/\/wpinitiate.com\/echo-test\/demo76e71539\/wp-json\/wp\/v2\/posts"}],"about":[{"href":"https:\/\/wpinitiate.com\/echo-test\/demo76e71539\/wp-json\/wp\/v2\/types\/post"}],"author":[{"embeddable":true,"href":"https:\/\/wpinitiate.com\/echo-test\/demo76e71539\/wp-json\/wp\/v2\/users\/1"}],"replies":[{"embeddable":true,"href":"https:\/\/wpinitiate.com\/echo-test\/demo76e71539\/wp-json\/wp\/v2\/comments?post=23242"}],"version-history":[{"count":0,"href":"https:\/\/wpinitiate.com\/echo-test\/demo76e71539\/wp-json\/wp\/v2\/posts\/23242\/revisions"}],"wp:featuredmedia":[{"embeddable":true,"href":"https:\/\/wpinitiate.com\/echo-test\/demo76e71539\/wp-json\/wp\/v2\/media\/23243"}],"wp:attachment":[{"href":"https:\/\/wpinitiate.com\/echo-test\/demo76e71539\/wp-json\/wp\/v2\/media?parent=23242"}],"wp:term":[{"taxonomy":"category","embeddable":true,"href":"https:\/\/wpinitiate.com\/echo-test\/demo76e71539\/wp-json\/wp\/v2\/categories?post=23242"},{"taxonomy":"post_tag","embeddable":true,"href":"https:\/\/wpinitiate.com\/echo-test\/demo76e71539\/wp-json\/wp\/v2\/tags?post=23242"}],"curies":[{"name":"wp","href":"https:\/\/api.w.org\/{rel}","templated":true}]}}