{"id":23318,"date":"2026-02-18T18:26:59","date_gmt":"2026-02-18T18:26:59","guid":{"rendered":"https:\/\/wpinitiate.com\/echo-test\/demo76e71539\/2026\/02\/18\/zwei-neue-mitglieder-nestle-holt-ex-notenbanker-in-den-verwaltungsrat\/"},"modified":"2026-02-18T18:26:59","modified_gmt":"2026-02-18T18:26:59","slug":"zwei-neue-mitglieder-nestle-holt-ex-notenbanker-in-den-verwaltungsrat","status":"publish","type":"post","link":"https:\/\/wpinitiate.com\/echo-test\/demo76e71539\/2026\/02\/18\/zwei-neue-mitglieder-nestle-holt-ex-notenbanker-in-den-verwaltungsrat\/","title":{"rendered":"Zwei neue Mitglieder: Nestl\u00e9 holt Ex-Notenbanker in den Verwaltungsrat"},"content":{"rendered":"<p>Nestl\u00e9 will seinen Verwaltungsrat schlagkr\u00e4ftiger machen und holt mit dem Schweizer Ex-Notenbanker Thomas Jordan und der Procter &#038; Gamble-Managerin Fama Francisco zwei neue K\u00f6pfe hinein. Au\u00dferdem soll das Gremium k\u00fcnftig \u00f6fter tagen.<\/p>\n","protected":false},"excerpt":{"rendered":"<p>Nestl\u00e9 will seinen Verwaltungsrat schlagkr\u00e4ftiger machen und holt mit dem Schweizer Ex-Notenbanker Thomas Jordan und der Procter &#038; Gamble-Managerin Fama Francisco zwei neue K\u00f6pfe hinein. Au\u00dferdem soll das Gremium k\u00fcnftig \u00f6fter tagen.<\/p>\n","protected":false},"author":1,"featured_media":23319,"comment_status":"open","ping_status":"open","sticky":false,"template":"","format":"standard","meta":{"footnotes":""},"categories":[1],"tags":[],"class_list":["post-23318","post","type-post","status-publish","format-standard","has-post-thumbnail","hentry","category-uncategorized"],"_links":{"self":[{"href":"https:\/\/wpinitiate.com\/echo-test\/demo76e71539\/wp-json\/wp\/v2\/posts\/23318","targetHints":{"allow":["GET"]}}],"collection":[{"href":"https:\/\/wpinitiate.com\/echo-test\/demo76e71539\/wp-json\/wp\/v2\/posts"}],"about":[{"href":"https:\/\/wpinitiate.com\/echo-test\/demo76e71539\/wp-json\/wp\/v2\/types\/post"}],"author":[{"embeddable":true,"href":"https:\/\/wpinitiate.com\/echo-test\/demo76e71539\/wp-json\/wp\/v2\/users\/1"}],"replies":[{"embeddable":true,"href":"https:\/\/wpinitiate.com\/echo-test\/demo76e71539\/wp-json\/wp\/v2\/comments?post=23318"}],"version-history":[{"count":0,"href":"https:\/\/wpinitiate.com\/echo-test\/demo76e71539\/wp-json\/wp\/v2\/posts\/23318\/revisions"}],"wp:featuredmedia":[{"embeddable":true,"href":"https:\/\/wpinitiate.com\/echo-test\/demo76e71539\/wp-json\/wp\/v2\/media\/23319"}],"wp:attachment":[{"href":"https:\/\/wpinitiate.com\/echo-test\/demo76e71539\/wp-json\/wp\/v2\/media?parent=23318"}],"wp:term":[{"taxonomy":"category","embeddable":true,"href":"https:\/\/wpinitiate.com\/echo-test\/demo76e71539\/wp-json\/wp\/v2\/categories?post=23318"},{"taxonomy":"post_tag","embeddable":true,"href":"https:\/\/wpinitiate.com\/echo-test\/demo76e71539\/wp-json\/wp\/v2\/tags?post=23318"}],"curies":[{"name":"wp","href":"https:\/\/api.w.org\/{rel}","templated":true}]}}