{"id":23426,"date":"2026-02-20T10:27:37","date_gmt":"2026-02-20T10:27:37","guid":{"rendered":"https:\/\/wpinitiate.com\/echo-test\/demo76e71539\/2026\/02\/20\/peter-thiel-verteidigungsministerium-sieht-stark-investment-als-unproblematisch\/"},"modified":"2026-02-20T10:27:37","modified_gmt":"2026-02-20T10:27:37","slug":"peter-thiel-verteidigungsministerium-sieht-stark-investment-als-unproblematisch","status":"publish","type":"post","link":"https:\/\/wpinitiate.com\/echo-test\/demo76e71539\/2026\/02\/20\/peter-thiel-verteidigungsministerium-sieht-stark-investment-als-unproblematisch\/","title":{"rendered":"Peter Thiel: Verteidigungsministerium sieht Stark-Investment als unproblematisch"},"content":{"rendered":"<p>Das Verteidigungsministerium will an seinem geplanten Gro\u00dfauftrag f\u00fcr die Berliner R\u00fcstungsfirma Stark festhalten. Der umstrittene Investor Peter Thiel sei nicht in das operative Gesch\u00e4ft eingebunden und halte weniger als ein Zehntel, habe eine Pr\u00fcfung ergeben.<\/p>\n","protected":false},"excerpt":{"rendered":"<p>Das Verteidigungsministerium will an seinem geplanten Gro\u00dfauftrag f\u00fcr die Berliner R\u00fcstungsfirma Stark festhalten. Der umstrittene Investor Peter Thiel sei nicht in das operative Gesch\u00e4ft eingebunden und halte weniger als ein Zehntel, habe eine Pr\u00fcfung ergeben.<\/p>\n","protected":false},"author":1,"featured_media":23427,"comment_status":"open","ping_status":"open","sticky":false,"template":"","format":"standard","meta":{"footnotes":""},"categories":[1],"tags":[],"class_list":["post-23426","post","type-post","status-publish","format-standard","has-post-thumbnail","hentry","category-uncategorized"],"_links":{"self":[{"href":"https:\/\/wpinitiate.com\/echo-test\/demo76e71539\/wp-json\/wp\/v2\/posts\/23426","targetHints":{"allow":["GET"]}}],"collection":[{"href":"https:\/\/wpinitiate.com\/echo-test\/demo76e71539\/wp-json\/wp\/v2\/posts"}],"about":[{"href":"https:\/\/wpinitiate.com\/echo-test\/demo76e71539\/wp-json\/wp\/v2\/types\/post"}],"author":[{"embeddable":true,"href":"https:\/\/wpinitiate.com\/echo-test\/demo76e71539\/wp-json\/wp\/v2\/users\/1"}],"replies":[{"embeddable":true,"href":"https:\/\/wpinitiate.com\/echo-test\/demo76e71539\/wp-json\/wp\/v2\/comments?post=23426"}],"version-history":[{"count":0,"href":"https:\/\/wpinitiate.com\/echo-test\/demo76e71539\/wp-json\/wp\/v2\/posts\/23426\/revisions"}],"wp:featuredmedia":[{"embeddable":true,"href":"https:\/\/wpinitiate.com\/echo-test\/demo76e71539\/wp-json\/wp\/v2\/media\/23427"}],"wp:attachment":[{"href":"https:\/\/wpinitiate.com\/echo-test\/demo76e71539\/wp-json\/wp\/v2\/media?parent=23426"}],"wp:term":[{"taxonomy":"category","embeddable":true,"href":"https:\/\/wpinitiate.com\/echo-test\/demo76e71539\/wp-json\/wp\/v2\/categories?post=23426"},{"taxonomy":"post_tag","embeddable":true,"href":"https:\/\/wpinitiate.com\/echo-test\/demo76e71539\/wp-json\/wp\/v2\/tags?post=23426"}],"curies":[{"name":"wp","href":"https:\/\/api.w.org\/{rel}","templated":true}]}}