{"id":23764,"date":"2026-02-26T12:31:22","date_gmt":"2026-02-26T12:31:22","guid":{"rendered":"https:\/\/wpinitiate.com\/echo-test\/demo76e71539\/2026\/02\/26\/epstein-skandal-borge-brende-verlasst-weltwirtschaftsforum-nach-untersuchung\/"},"modified":"2026-02-26T12:31:22","modified_gmt":"2026-02-26T12:31:22","slug":"epstein-skandal-borge-brende-verlasst-weltwirtschaftsforum-nach-untersuchung","status":"publish","type":"post","link":"https:\/\/wpinitiate.com\/echo-test\/demo76e71539\/2026\/02\/26\/epstein-skandal-borge-brende-verlasst-weltwirtschaftsforum-nach-untersuchung\/","title":{"rendered":"Epstein-Skandal: B\u00f8rge Brende verl\u00e4sst Weltwirtschaftsforum nach Untersuchung"},"content":{"rendered":"<p>Eine Untersuchung der Verbindungen B\u00f8rge Brendes zu Jeffrey Epstein ergab zwar keine weiteren Bedenken \u00fcber bereits Bekanntes hinaus. Der Chef des Weltwirtschaftsforums (WEF) tritt dennoch zur\u00fcck \u2013 um das WEF aus der Schusslinie zu nehmen, wie er sagt.<\/p>\n","protected":false},"excerpt":{"rendered":"<p>Eine Untersuchung der Verbindungen B\u00f8rge Brendes zu Jeffrey Epstein ergab zwar keine weiteren Bedenken \u00fcber bereits Bekanntes hinaus. Der Chef des Weltwirtschaftsforums (WEF) tritt dennoch zur\u00fcck \u2013 um das WEF aus der Schusslinie zu nehmen, wie er sagt.<\/p>\n","protected":false},"author":1,"featured_media":23765,"comment_status":"open","ping_status":"open","sticky":false,"template":"","format":"standard","meta":{"footnotes":""},"categories":[1],"tags":[],"class_list":["post-23764","post","type-post","status-publish","format-standard","has-post-thumbnail","hentry","category-uncategorized"],"_links":{"self":[{"href":"https:\/\/wpinitiate.com\/echo-test\/demo76e71539\/wp-json\/wp\/v2\/posts\/23764","targetHints":{"allow":["GET"]}}],"collection":[{"href":"https:\/\/wpinitiate.com\/echo-test\/demo76e71539\/wp-json\/wp\/v2\/posts"}],"about":[{"href":"https:\/\/wpinitiate.com\/echo-test\/demo76e71539\/wp-json\/wp\/v2\/types\/post"}],"author":[{"embeddable":true,"href":"https:\/\/wpinitiate.com\/echo-test\/demo76e71539\/wp-json\/wp\/v2\/users\/1"}],"replies":[{"embeddable":true,"href":"https:\/\/wpinitiate.com\/echo-test\/demo76e71539\/wp-json\/wp\/v2\/comments?post=23764"}],"version-history":[{"count":0,"href":"https:\/\/wpinitiate.com\/echo-test\/demo76e71539\/wp-json\/wp\/v2\/posts\/23764\/revisions"}],"wp:featuredmedia":[{"embeddable":true,"href":"https:\/\/wpinitiate.com\/echo-test\/demo76e71539\/wp-json\/wp\/v2\/media\/23765"}],"wp:attachment":[{"href":"https:\/\/wpinitiate.com\/echo-test\/demo76e71539\/wp-json\/wp\/v2\/media?parent=23764"}],"wp:term":[{"taxonomy":"category","embeddable":true,"href":"https:\/\/wpinitiate.com\/echo-test\/demo76e71539\/wp-json\/wp\/v2\/categories?post=23764"},{"taxonomy":"post_tag","embeddable":true,"href":"https:\/\/wpinitiate.com\/echo-test\/demo76e71539\/wp-json\/wp\/v2\/tags?post=23764"}],"curies":[{"name":"wp","href":"https:\/\/api.w.org\/{rel}","templated":true}]}}