{"id":23914,"date":"2026-03-01T11:33:18","date_gmt":"2026-03-01T11:33:18","guid":{"rendered":"https:\/\/wpinitiate.com\/echo-test\/demo76e71539\/2026\/03\/01\/m-meinung-deutschland-wirtschaftliche-angste-und-der-aufstieg-der-nationalpopulisten\/"},"modified":"2026-03-01T11:33:18","modified_gmt":"2026-03-01T11:33:18","slug":"m-meinung-deutschland-wirtschaftliche-angste-und-der-aufstieg-der-nationalpopulisten","status":"publish","type":"post","link":"https:\/\/wpinitiate.com\/echo-test\/demo76e71539\/2026\/03\/01\/m-meinung-deutschland-wirtschaftliche-angste-und-der-aufstieg-der-nationalpopulisten\/","title":{"rendered":"(m+) Meinung: Deutschland: Wirtschaftliche \u00c4ngste und der Aufstieg der Nationalpopulisten"},"content":{"rendered":"<p>Die B\u00fcrgerinnen und B\u00fcrger sorgen sich vor allem um die wirtschaftliche Lage im Land. Trotzdem wollen viele wieder AfD w\u00e4hlen \u2013 eine Partei, die mit einem Programm antritt, das nicht nur Deutschland in eine tiefe Krise st\u00fcrzen w\u00fcrde.<\/p>\n","protected":false},"excerpt":{"rendered":"<p>Die B\u00fcrgerinnen und B\u00fcrger sorgen sich vor allem um die wirtschaftliche Lage im Land. Trotzdem wollen viele wieder AfD w\u00e4hlen \u2013 eine Partei, die mit einem Programm antritt, das nicht nur Deutschland in eine tiefe Krise st\u00fcrzen w\u00fcrde.<\/p>\n","protected":false},"author":1,"featured_media":23915,"comment_status":"open","ping_status":"open","sticky":false,"template":"","format":"standard","meta":{"footnotes":""},"categories":[1],"tags":[],"class_list":["post-23914","post","type-post","status-publish","format-standard","has-post-thumbnail","hentry","category-uncategorized"],"_links":{"self":[{"href":"https:\/\/wpinitiate.com\/echo-test\/demo76e71539\/wp-json\/wp\/v2\/posts\/23914","targetHints":{"allow":["GET"]}}],"collection":[{"href":"https:\/\/wpinitiate.com\/echo-test\/demo76e71539\/wp-json\/wp\/v2\/posts"}],"about":[{"href":"https:\/\/wpinitiate.com\/echo-test\/demo76e71539\/wp-json\/wp\/v2\/types\/post"}],"author":[{"embeddable":true,"href":"https:\/\/wpinitiate.com\/echo-test\/demo76e71539\/wp-json\/wp\/v2\/users\/1"}],"replies":[{"embeddable":true,"href":"https:\/\/wpinitiate.com\/echo-test\/demo76e71539\/wp-json\/wp\/v2\/comments?post=23914"}],"version-history":[{"count":0,"href":"https:\/\/wpinitiate.com\/echo-test\/demo76e71539\/wp-json\/wp\/v2\/posts\/23914\/revisions"}],"wp:featuredmedia":[{"embeddable":true,"href":"https:\/\/wpinitiate.com\/echo-test\/demo76e71539\/wp-json\/wp\/v2\/media\/23915"}],"wp:attachment":[{"href":"https:\/\/wpinitiate.com\/echo-test\/demo76e71539\/wp-json\/wp\/v2\/media?parent=23914"}],"wp:term":[{"taxonomy":"category","embeddable":true,"href":"https:\/\/wpinitiate.com\/echo-test\/demo76e71539\/wp-json\/wp\/v2\/categories?post=23914"},{"taxonomy":"post_tag","embeddable":true,"href":"https:\/\/wpinitiate.com\/echo-test\/demo76e71539\/wp-json\/wp\/v2\/tags?post=23914"}],"curies":[{"name":"wp","href":"https:\/\/api.w.org\/{rel}","templated":true}]}}