{"id":24096,"date":"2026-03-04T14:26:51","date_gmt":"2026-03-04T14:26:51","guid":{"rendered":"https:\/\/wpinitiate.com\/echo-test\/demo76e71539\/2026\/03\/04\/volkswagen-betriebsversammlung-betriebsratschefin-kritisiert-vorstand-wegen-pramie\/"},"modified":"2026-03-04T14:26:51","modified_gmt":"2026-03-04T14:26:51","slug":"volkswagen-betriebsversammlung-betriebsratschefin-kritisiert-vorstand-wegen-pramie","status":"publish","type":"post","link":"https:\/\/wpinitiate.com\/echo-test\/demo76e71539\/2026\/03\/04\/volkswagen-betriebsversammlung-betriebsratschefin-kritisiert-vorstand-wegen-pramie\/","title":{"rendered":"Volkswagen Betriebsversammlung: Betriebsratschefin kritisiert Vorstand wegen Pr\u00e4mie"},"content":{"rendered":"<p>VW-Betriebsratschefin Cavallo will die Belegschaft an Volkswagens guter Kassenlage beteiligen und legt sich daf\u00fcr mit der Konzernspitze an. Die verschiebt die Entscheidung \u00fcber eine m\u00f6gliche Pr\u00e4mie und bezieht sich auf ein Rechtsgutachten \u2013 mal wieder.<\/p>\n","protected":false},"excerpt":{"rendered":"<p>VW-Betriebsratschefin Cavallo will die Belegschaft an Volkswagens guter Kassenlage beteiligen und legt sich daf\u00fcr mit der Konzernspitze an. Die verschiebt die Entscheidung \u00fcber eine m\u00f6gliche Pr\u00e4mie und bezieht sich auf ein Rechtsgutachten \u2013 mal wieder.<\/p>\n","protected":false},"author":1,"featured_media":24097,"comment_status":"open","ping_status":"open","sticky":false,"template":"","format":"standard","meta":{"footnotes":""},"categories":[1],"tags":[],"class_list":["post-24096","post","type-post","status-publish","format-standard","has-post-thumbnail","hentry","category-uncategorized"],"_links":{"self":[{"href":"https:\/\/wpinitiate.com\/echo-test\/demo76e71539\/wp-json\/wp\/v2\/posts\/24096","targetHints":{"allow":["GET"]}}],"collection":[{"href":"https:\/\/wpinitiate.com\/echo-test\/demo76e71539\/wp-json\/wp\/v2\/posts"}],"about":[{"href":"https:\/\/wpinitiate.com\/echo-test\/demo76e71539\/wp-json\/wp\/v2\/types\/post"}],"author":[{"embeddable":true,"href":"https:\/\/wpinitiate.com\/echo-test\/demo76e71539\/wp-json\/wp\/v2\/users\/1"}],"replies":[{"embeddable":true,"href":"https:\/\/wpinitiate.com\/echo-test\/demo76e71539\/wp-json\/wp\/v2\/comments?post=24096"}],"version-history":[{"count":0,"href":"https:\/\/wpinitiate.com\/echo-test\/demo76e71539\/wp-json\/wp\/v2\/posts\/24096\/revisions"}],"wp:featuredmedia":[{"embeddable":true,"href":"https:\/\/wpinitiate.com\/echo-test\/demo76e71539\/wp-json\/wp\/v2\/media\/24097"}],"wp:attachment":[{"href":"https:\/\/wpinitiate.com\/echo-test\/demo76e71539\/wp-json\/wp\/v2\/media?parent=24096"}],"wp:term":[{"taxonomy":"category","embeddable":true,"href":"https:\/\/wpinitiate.com\/echo-test\/demo76e71539\/wp-json\/wp\/v2\/categories?post=24096"},{"taxonomy":"post_tag","embeddable":true,"href":"https:\/\/wpinitiate.com\/echo-test\/demo76e71539\/wp-json\/wp\/v2\/tags?post=24096"}],"curies":[{"name":"wp","href":"https:\/\/api.w.org\/{rel}","templated":true}]}}