{"id":24304,"date":"2026-03-07T23:28:26","date_gmt":"2026-03-07T23:28:26","guid":{"rendered":"https:\/\/wpinitiate.com\/echo-test\/demo76e71539\/2026\/03\/07\/e10m-everton-man-wanted-by-sevilla-in-summer-should-toffees-sell-or-loan-him\/"},"modified":"2026-03-07T23:28:26","modified_gmt":"2026-03-07T23:28:26","slug":"e10m-everton-man-wanted-by-sevilla-in-summer-should-toffees-sell-or-loan-him","status":"publish","type":"post","link":"https:\/\/wpinitiate.com\/echo-test\/demo76e71539\/2026\/03\/07\/e10m-everton-man-wanted-by-sevilla-in-summer-should-toffees-sell-or-loan-him\/","title":{"rendered":"\u20ac10m Everton Man Wanted By Sevilla In Summer: Should Toffees Sell Or Loan Him?"},"content":{"rendered":"<div>\n<p>Spanish outlet Vamos Mi Sevilla FC, via <a href=\"https:\/\/sportwitness.co.uk\/chosen-one-club-return-for-everton-player-after-january-failure\/\">Sport Witness<\/a>, reports that <a href=\"https:\/\/the4thofficial.net\/2025\/12\/leeds-united-plot-january-move-for-this-sevilla-star-why-he-would-bolster-their-attack\/\">Sevilla<\/a> are keeping a close eye on Everton right-back <a href=\"https:\/\/the4thofficial.net\/2026\/03\/everton-face-race-against-time-to-land-e15m-summer-target-can-toffees-afford-to-let-psv-dictate-the-pace\/\">Nathan Patterson<\/a> for the upcoming summer window. The club\u2019s sporting director, Antonio Cord\u00f3n, has placed the 24-year-old Scotland international at the top of his wishlist for next season.<\/p>\n<h3><strong>Sevilla Eye Nathan Patterson in Summer Swoop: What Does the Latest Everton Transfer News Mean?<\/strong><\/h3>\n<p>Sevilla reportedly view Patterson as one of two main targets, alongside Getafe\u2019s Juan Iglesias, who will be a free agent in June. This interest isn\u2019t exactly new; rumours linked the two clubs back in January when Everton allegedly floated a deal involving \u20ac15m plus Patterson on loan for Sevilla\u2019s rising star Juanlu S\u00e1nchez. That move fell through when Juanlu decided to stay, but Cord\u00f3n clearly hasn\u2019t crossed Patterson\u2019s name off his list.<\/p>\n<p>Sevilla\u2019s move is driven largely by their need to balance the books. The club plan to sell both Juanlu and Jos\u00e9 \u00c1ngel Carmona this summer to bring in much-needed cash, which will leave manager Mat\u00edas Almeyda looking for quality options on the right flank that won\u2019t break the bank. Reports suggest Sevilla have already reached a verbal agreement with Iglesias, and they see Patterson as the perfect second piece of the puzzle, though they\u2019ll likely push for a loan to keep their wage bill in check.<\/p>\n<h3><strong>Should Everton Simply Sell Patterson Rather Than Send Him Out on Loan?<\/strong><\/h3>\n<figure id=\"attachment_346003\" aria-describedby=\"caption-attachment-346003\"><img data-lazyloaded=\"1\" fetchpriority=\"high\" decoding=\"async\" src=\"http:\/\/the4thofficial.net\/wp-content\/uploads\/2026\/03\/blackburn-rovers-v-everton-pre-s.jpg\" alt=\"\u20ac10m Everton Man Wanted By Sevilla In Summer: Should Toffees Sell Or Loan Him?\" width=\"1200\" height=\"800\" srcset=\"https:\/\/the4thofficial.net\/wp-content\/uploads\/2026\/03\/blackburn-rovers-v-everton-pre-s.jpg 1200w, https:\/\/the4thofficial.net\/wp-content\/uploads\/2026\/03\/blackburn-rovers-v-everton-pre-s-300x200.jpg 300w, https:\/\/the4thofficial.net\/wp-content\/uploads\/2026\/03\/blackburn-rovers-v-everton-pre-s-1024x683.jpg 1024w, https:\/\/the4thofficial.net\/wp-content\/uploads\/2026\/03\/blackburn-rovers-v-everton-pre-s-150x100.jpg 150w, https:\/\/the4thofficial.net\/wp-content\/uploads\/2026\/03\/blackburn-rovers-v-everton-pre-s-768x512.jpg 768w, https:\/\/the4thofficial.net\/wp-content\/uploads\/2026\/03\/blackburn-rovers-v-everton-pre-s-630x420.jpg 630w, https:\/\/the4thofficial.net\/wp-content\/uploads\/2026\/03\/blackburn-rovers-v-everton-pre-s-600x400.jpg 600w, https:\/\/the4thofficial.net\/wp-content\/uploads\/2026\/03\/blackburn-rovers-v-everton-pre-s-696x464.jpg 696w, https:\/\/the4thofficial.net\/wp-content\/uploads\/2026\/03\/blackburn-rovers-v-everton-pre-s-1068x712.jpg 1068w\" data-sizes=\"(max-width: 1200px) 100vw, 1200px\"><figcaption id=\"caption-attachment-346003\">BLACKBURN, ENGLAND \u2013 JULY 19: Nathan Patterson of Everton in action during the pre-season friendly match between Blackburn Rovers and Everton at Ewood Park on July 19, 2025 in Blackburn, England. (Photo by Jan Kruger\/Getty Images)<\/figcaption><\/figure>\n<p>This situation leaves David Moyes with a tough call to make. Patterson has managed only <a href=\"https:\/\/www.whoscored.com\/players\/396975\/show\/nathan-patterson\">355 minutes<\/a> across seven games this season, which says everything about where he currently sit in the pecking order. With a contract running until 2027 and Transfermarkt currently valuing him at <a href=\"https:\/\/www.transfermarkt.us\/nathan-patterson\/profil\/spieler\/424015\">\u20ac10m<\/a>, Everton actually have some decent bargaining power here. However, letting him go to Sevilla on loan, as the Spanish side want,\u00a0doesn\u2019t do much for Everton. They wouldn\u2019t get a transfer fee up front and would lose a player they could otherwise sell for cold, hard cash.<\/p>\n<p>There is no doubt Patterson has talent; he is quick, aggressive in transition, and dangerous with his delivery from deep positions. But with Everton settled at Bramley-Moore Dock and trying to build momentum, Everton should better convert a peripheral figure commanding a \u20ac10m valuation into immediate transfer income.<\/p>\n<p>Looking at the bigger picture, Moyes probably needs that money to bolster the centre of the pitch more than he needs a backup right-back who rarely plays. Selling Patterson permanently this summer is the smarter move for both the budget and the squad.<\/p>\n<\/div>\n","protected":false},"excerpt":{"rendered":"<p>Spanish outlet Vamos Mi Sevilla FC, via Sport Witness, reports that Sevilla are keeping a close eye on Everton right-back Nathan Patterson for the upcoming summer window. The club\u2019s sporting director, Antonio Cord\u00f3n, has placed the 24-year-old Scotland international at the top of his wishlist for next season. Sevilla Eye Nathan Patterson in Summer Swoop: [&hellip;]<\/p>\n","protected":false},"author":13963,"featured_media":24305,"comment_status":"open","ping_status":"open","sticky":false,"template":"","format":"standard","meta":{"footnotes":""},"categories":[1],"tags":[],"class_list":["post-24304","post","type-post","status-publish","format-standard","has-post-thumbnail","hentry","category-uncategorized"],"_links":{"self":[{"href":"https:\/\/wpinitiate.com\/echo-test\/demo76e71539\/wp-json\/wp\/v2\/posts\/24304","targetHints":{"allow":["GET"]}}],"collection":[{"href":"https:\/\/wpinitiate.com\/echo-test\/demo76e71539\/wp-json\/wp\/v2\/posts"}],"about":[{"href":"https:\/\/wpinitiate.com\/echo-test\/demo76e71539\/wp-json\/wp\/v2\/types\/post"}],"author":[{"embeddable":true,"href":"https:\/\/wpinitiate.com\/echo-test\/demo76e71539\/wp-json\/wp\/v2\/users\/13963"}],"replies":[{"embeddable":true,"href":"https:\/\/wpinitiate.com\/echo-test\/demo76e71539\/wp-json\/wp\/v2\/comments?post=24304"}],"version-history":[{"count":0,"href":"https:\/\/wpinitiate.com\/echo-test\/demo76e71539\/wp-json\/wp\/v2\/posts\/24304\/revisions"}],"wp:featuredmedia":[{"embeddable":true,"href":"https:\/\/wpinitiate.com\/echo-test\/demo76e71539\/wp-json\/wp\/v2\/media\/24305"}],"wp:attachment":[{"href":"https:\/\/wpinitiate.com\/echo-test\/demo76e71539\/wp-json\/wp\/v2\/media?parent=24304"}],"wp:term":[{"taxonomy":"category","embeddable":true,"href":"https:\/\/wpinitiate.com\/echo-test\/demo76e71539\/wp-json\/wp\/v2\/categories?post=24304"},{"taxonomy":"post_tag","embeddable":true,"href":"https:\/\/wpinitiate.com\/echo-test\/demo76e71539\/wp-json\/wp\/v2\/tags?post=24304"}],"curies":[{"name":"wp","href":"https:\/\/api.w.org\/{rel}","templated":true}]}}