{"id":24370,"date":"2026-03-09T17:28:34","date_gmt":"2026-03-09T17:28:34","guid":{"rendered":"https:\/\/wpinitiate.com\/echo-test\/demo76e71539\/2026\/03\/09\/deutsche-bahn-brandbrief-des-vorstands-gegen-finanzvorstandin-dohm\/"},"modified":"2026-03-09T17:28:34","modified_gmt":"2026-03-09T17:28:34","slug":"deutsche-bahn-brandbrief-des-vorstands-gegen-finanzvorstandin-dohm","status":"publish","type":"post","link":"https:\/\/wpinitiate.com\/echo-test\/demo76e71539\/2026\/03\/09\/deutsche-bahn-brandbrief-des-vorstands-gegen-finanzvorstandin-dohm\/","title":{"rendered":"Deutsche Bahn: Brandbrief des Vorstands gegen Finanzvorst\u00e4ndin Dohm"},"content":{"rendered":"<p>Schon vor zwei Wochen wurde \u00fcber einen m\u00f6glichen Abschied von Finanzvorst\u00e4ndin Karin Dohm bei der Deutschen Bahn berichtet \u2013 nach nur drei Monaten im Amt. Geschehen ist bisher nichts. Nun hat sich offenbar der Vorstand in einem Brandbrief zu der Personalie ge\u00e4u\u00dfert.<\/p>\n","protected":false},"excerpt":{"rendered":"<p>Schon vor zwei Wochen wurde \u00fcber einen m\u00f6glichen Abschied von Finanzvorst\u00e4ndin Karin Dohm bei der Deutschen Bahn berichtet \u2013 nach nur drei Monaten im Amt. Geschehen ist bisher nichts. Nun hat sich offenbar der Vorstand in einem Brandbrief zu der Personalie ge\u00e4u\u00dfert.<\/p>\n","protected":false},"author":1,"featured_media":24371,"comment_status":"open","ping_status":"open","sticky":false,"template":"","format":"standard","meta":{"footnotes":""},"categories":[1],"tags":[],"class_list":["post-24370","post","type-post","status-publish","format-standard","has-post-thumbnail","hentry","category-uncategorized"],"_links":{"self":[{"href":"https:\/\/wpinitiate.com\/echo-test\/demo76e71539\/wp-json\/wp\/v2\/posts\/24370","targetHints":{"allow":["GET"]}}],"collection":[{"href":"https:\/\/wpinitiate.com\/echo-test\/demo76e71539\/wp-json\/wp\/v2\/posts"}],"about":[{"href":"https:\/\/wpinitiate.com\/echo-test\/demo76e71539\/wp-json\/wp\/v2\/types\/post"}],"author":[{"embeddable":true,"href":"https:\/\/wpinitiate.com\/echo-test\/demo76e71539\/wp-json\/wp\/v2\/users\/1"}],"replies":[{"embeddable":true,"href":"https:\/\/wpinitiate.com\/echo-test\/demo76e71539\/wp-json\/wp\/v2\/comments?post=24370"}],"version-history":[{"count":0,"href":"https:\/\/wpinitiate.com\/echo-test\/demo76e71539\/wp-json\/wp\/v2\/posts\/24370\/revisions"}],"wp:featuredmedia":[{"embeddable":true,"href":"https:\/\/wpinitiate.com\/echo-test\/demo76e71539\/wp-json\/wp\/v2\/media\/24371"}],"wp:attachment":[{"href":"https:\/\/wpinitiate.com\/echo-test\/demo76e71539\/wp-json\/wp\/v2\/media?parent=24370"}],"wp:term":[{"taxonomy":"category","embeddable":true,"href":"https:\/\/wpinitiate.com\/echo-test\/demo76e71539\/wp-json\/wp\/v2\/categories?post=24370"},{"taxonomy":"post_tag","embeddable":true,"href":"https:\/\/wpinitiate.com\/echo-test\/demo76e71539\/wp-json\/wp\/v2\/tags?post=24370"}],"curies":[{"name":"wp","href":"https:\/\/api.w.org\/{rel}","templated":true}]}}