{"id":24406,"date":"2026-03-10T09:30:41","date_gmt":"2026-03-10T09:30:41","guid":{"rendered":"https:\/\/wpinitiate.com\/echo-test\/demo76e71539\/2026\/03\/10\/m-bmw-ceo-oliver-zipse-teilt-aus-gegen-politik-und-konkurrenten\/"},"modified":"2026-03-10T09:30:41","modified_gmt":"2026-03-10T09:30:41","slug":"m-bmw-ceo-oliver-zipse-teilt-aus-gegen-politik-und-konkurrenten","status":"publish","type":"post","link":"https:\/\/wpinitiate.com\/echo-test\/demo76e71539\/2026\/03\/10\/m-bmw-ceo-oliver-zipse-teilt-aus-gegen-politik-und-konkurrenten\/","title":{"rendered":"(m+) BMW: CEO Oliver ZIpse teilt aus \u2013 gegen Politik und Konkurrenten"},"content":{"rendered":"<p>BMW-Chef Oliver Zipse \u00fcbergibt sein Amt in zwei Monaten an Milan Nedeljkovi\u0107. Im Gespr\u00e4ch mit dem manager magazin erkl\u00e4rt er seinen Kurs durch die Transformation \u2013 und wie BMW in der neuen politischen Eskalation noch stabiler aufgestellt werden muss.<\/p>\n","protected":false},"excerpt":{"rendered":"<p>BMW-Chef Oliver Zipse \u00fcbergibt sein Amt in zwei Monaten an Milan Nedeljkovi\u0107. Im Gespr\u00e4ch mit dem manager magazin erkl\u00e4rt er seinen Kurs durch die Transformation \u2013 und wie BMW in der neuen politischen Eskalation noch stabiler aufgestellt werden muss.<\/p>\n","protected":false},"author":1,"featured_media":24407,"comment_status":"open","ping_status":"open","sticky":false,"template":"","format":"standard","meta":{"footnotes":""},"categories":[1],"tags":[],"class_list":["post-24406","post","type-post","status-publish","format-standard","has-post-thumbnail","hentry","category-uncategorized"],"_links":{"self":[{"href":"https:\/\/wpinitiate.com\/echo-test\/demo76e71539\/wp-json\/wp\/v2\/posts\/24406","targetHints":{"allow":["GET"]}}],"collection":[{"href":"https:\/\/wpinitiate.com\/echo-test\/demo76e71539\/wp-json\/wp\/v2\/posts"}],"about":[{"href":"https:\/\/wpinitiate.com\/echo-test\/demo76e71539\/wp-json\/wp\/v2\/types\/post"}],"author":[{"embeddable":true,"href":"https:\/\/wpinitiate.com\/echo-test\/demo76e71539\/wp-json\/wp\/v2\/users\/1"}],"replies":[{"embeddable":true,"href":"https:\/\/wpinitiate.com\/echo-test\/demo76e71539\/wp-json\/wp\/v2\/comments?post=24406"}],"version-history":[{"count":0,"href":"https:\/\/wpinitiate.com\/echo-test\/demo76e71539\/wp-json\/wp\/v2\/posts\/24406\/revisions"}],"wp:featuredmedia":[{"embeddable":true,"href":"https:\/\/wpinitiate.com\/echo-test\/demo76e71539\/wp-json\/wp\/v2\/media\/24407"}],"wp:attachment":[{"href":"https:\/\/wpinitiate.com\/echo-test\/demo76e71539\/wp-json\/wp\/v2\/media?parent=24406"}],"wp:term":[{"taxonomy":"category","embeddable":true,"href":"https:\/\/wpinitiate.com\/echo-test\/demo76e71539\/wp-json\/wp\/v2\/categories?post=24406"},{"taxonomy":"post_tag","embeddable":true,"href":"https:\/\/wpinitiate.com\/echo-test\/demo76e71539\/wp-json\/wp\/v2\/tags?post=24406"}],"curies":[{"name":"wp","href":"https:\/\/api.w.org\/{rel}","templated":true}]}}