{"id":24506,"date":"2026-03-11T14:31:33","date_gmt":"2026-03-11T14:31:33","guid":{"rendered":"https:\/\/wpinitiate.com\/echo-test\/demo76e71539\/2026\/03\/11\/porsche-ag-michael-leiters-bei-prognose-zuruckhaltend-aktie-legt-dennoch-zu\/"},"modified":"2026-03-11T14:31:33","modified_gmt":"2026-03-11T14:31:33","slug":"porsche-ag-michael-leiters-bei-prognose-zuruckhaltend-aktie-legt-dennoch-zu","status":"publish","type":"post","link":"https:\/\/wpinitiate.com\/echo-test\/demo76e71539\/2026\/03\/11\/porsche-ag-michael-leiters-bei-prognose-zuruckhaltend-aktie-legt-dennoch-zu\/","title":{"rendered":"Porsche AG: Michael Leiters bei Prognose zur\u00fcckhaltend, Aktie legt dennoch zu"},"content":{"rendered":"<p>2,4 Milliarden Euro f\u00fcr die Strategiewende, rund 700 Millionen Euro f\u00fcr die US-Z\u00f6lle: Der neue Porsche-Chef Michael Leiters muss einige schlechte Nachrichten \u00fcberbringen. Mit einer schlankeren F\u00fchrungsstruktur, einer neuen Modellpalette und weiterem Stellenabbau will er gegensteuern.<\/p>\n","protected":false},"excerpt":{"rendered":"<p>2,4 Milliarden Euro f\u00fcr die Strategiewende, rund 700 Millionen Euro f\u00fcr die US-Z\u00f6lle: Der neue Porsche-Chef Michael Leiters muss einige schlechte Nachrichten \u00fcberbringen. Mit einer schlankeren F\u00fchrungsstruktur, einer neuen Modellpalette und weiterem Stellenabbau will er gegensteuern.<\/p>\n","protected":false},"author":1,"featured_media":24507,"comment_status":"open","ping_status":"open","sticky":false,"template":"","format":"standard","meta":{"footnotes":""},"categories":[1],"tags":[],"class_list":["post-24506","post","type-post","status-publish","format-standard","has-post-thumbnail","hentry","category-uncategorized"],"_links":{"self":[{"href":"https:\/\/wpinitiate.com\/echo-test\/demo76e71539\/wp-json\/wp\/v2\/posts\/24506","targetHints":{"allow":["GET"]}}],"collection":[{"href":"https:\/\/wpinitiate.com\/echo-test\/demo76e71539\/wp-json\/wp\/v2\/posts"}],"about":[{"href":"https:\/\/wpinitiate.com\/echo-test\/demo76e71539\/wp-json\/wp\/v2\/types\/post"}],"author":[{"embeddable":true,"href":"https:\/\/wpinitiate.com\/echo-test\/demo76e71539\/wp-json\/wp\/v2\/users\/1"}],"replies":[{"embeddable":true,"href":"https:\/\/wpinitiate.com\/echo-test\/demo76e71539\/wp-json\/wp\/v2\/comments?post=24506"}],"version-history":[{"count":0,"href":"https:\/\/wpinitiate.com\/echo-test\/demo76e71539\/wp-json\/wp\/v2\/posts\/24506\/revisions"}],"wp:featuredmedia":[{"embeddable":true,"href":"https:\/\/wpinitiate.com\/echo-test\/demo76e71539\/wp-json\/wp\/v2\/media\/24507"}],"wp:attachment":[{"href":"https:\/\/wpinitiate.com\/echo-test\/demo76e71539\/wp-json\/wp\/v2\/media?parent=24506"}],"wp:term":[{"taxonomy":"category","embeddable":true,"href":"https:\/\/wpinitiate.com\/echo-test\/demo76e71539\/wp-json\/wp\/v2\/categories?post=24506"},{"taxonomy":"post_tag","embeddable":true,"href":"https:\/\/wpinitiate.com\/echo-test\/demo76e71539\/wp-json\/wp\/v2\/tags?post=24506"}],"curies":[{"name":"wp","href":"https:\/\/api.w.org\/{rel}","templated":true}]}}