{"id":24546,"date":"2026-03-12T07:26:57","date_gmt":"2026-03-12T07:26:57","guid":{"rendered":"https:\/\/wpinitiate.com\/echo-test\/demo76e71539\/2026\/03\/12\/meinung-bmw-volkswagen-porsche-vw-fahrradfusion-der-newsletter-managemobility\/"},"modified":"2026-03-12T07:26:57","modified_gmt":"2026-03-12T07:26:57","slug":"meinung-bmw-volkswagen-porsche-vw-fahrradfusion-der-newsletter-managemobility","status":"publish","type":"post","link":"https:\/\/wpinitiate.com\/echo-test\/demo76e71539\/2026\/03\/12\/meinung-bmw-volkswagen-porsche-vw-fahrradfusion-der-newsletter-managemobility\/","title":{"rendered":"Meinung: BMW, Volkswagen, Porsche, VW, Fahrradfusion \u2013 der Newsletter \u201emanage:mobility\u201c"},"content":{"rendered":"<p>Wie Oliver Zipse bei BMW die Schl\u00fcssel \u00fcbergibt, wie der M\u00fcnchner Autobauer seine Topgremien ver\u00e4ndert und wie sich in der Fahrradbranche ein neuer \u201eSuperverband\u201c formiert \u2013 das und mehr erfahren Sie in der neuen Ausgabe von \u201emanage:mobility\u201c.<\/p>\n","protected":false},"excerpt":{"rendered":"<p>Wie Oliver Zipse bei BMW die Schl\u00fcssel \u00fcbergibt, wie der M\u00fcnchner Autobauer seine Topgremien ver\u00e4ndert und wie sich in der Fahrradbranche ein neuer \u201eSuperverband\u201c formiert \u2013 das und mehr erfahren Sie in der neuen Ausgabe von \u201emanage:mobility\u201c.<\/p>\n","protected":false},"author":1,"featured_media":24547,"comment_status":"open","ping_status":"open","sticky":false,"template":"","format":"standard","meta":{"footnotes":""},"categories":[1],"tags":[],"class_list":["post-24546","post","type-post","status-publish","format-standard","has-post-thumbnail","hentry","category-uncategorized"],"_links":{"self":[{"href":"https:\/\/wpinitiate.com\/echo-test\/demo76e71539\/wp-json\/wp\/v2\/posts\/24546","targetHints":{"allow":["GET"]}}],"collection":[{"href":"https:\/\/wpinitiate.com\/echo-test\/demo76e71539\/wp-json\/wp\/v2\/posts"}],"about":[{"href":"https:\/\/wpinitiate.com\/echo-test\/demo76e71539\/wp-json\/wp\/v2\/types\/post"}],"author":[{"embeddable":true,"href":"https:\/\/wpinitiate.com\/echo-test\/demo76e71539\/wp-json\/wp\/v2\/users\/1"}],"replies":[{"embeddable":true,"href":"https:\/\/wpinitiate.com\/echo-test\/demo76e71539\/wp-json\/wp\/v2\/comments?post=24546"}],"version-history":[{"count":0,"href":"https:\/\/wpinitiate.com\/echo-test\/demo76e71539\/wp-json\/wp\/v2\/posts\/24546\/revisions"}],"wp:featuredmedia":[{"embeddable":true,"href":"https:\/\/wpinitiate.com\/echo-test\/demo76e71539\/wp-json\/wp\/v2\/media\/24547"}],"wp:attachment":[{"href":"https:\/\/wpinitiate.com\/echo-test\/demo76e71539\/wp-json\/wp\/v2\/media?parent=24546"}],"wp:term":[{"taxonomy":"category","embeddable":true,"href":"https:\/\/wpinitiate.com\/echo-test\/demo76e71539\/wp-json\/wp\/v2\/categories?post=24546"},{"taxonomy":"post_tag","embeddable":true,"href":"https:\/\/wpinitiate.com\/echo-test\/demo76e71539\/wp-json\/wp\/v2\/tags?post=24546"}],"curies":[{"name":"wp","href":"https:\/\/api.w.org\/{rel}","templated":true}]}}