{"id":24674,"date":"2026-03-14T10:29:00","date_gmt":"2026-03-14T10:29:00","guid":{"rendered":"https:\/\/wpinitiate.com\/echo-test\/demo76e71539\/2026\/03\/14\/afd-naher-verein-zieht-erstmals-in-einen-vw-betriebsrat-ein\/"},"modified":"2026-03-14T10:29:00","modified_gmt":"2026-03-14T10:29:00","slug":"afd-naher-verein-zieht-erstmals-in-einen-vw-betriebsrat-ein","status":"publish","type":"post","link":"https:\/\/wpinitiate.com\/echo-test\/demo76e71539\/2026\/03\/14\/afd-naher-verein-zieht-erstmals-in-einen-vw-betriebsrat-ein\/","title":{"rendered":"AfD-naher Verein zieht erstmals in einen VW-Betriebsrat ein"},"content":{"rendered":"<p>W\u00e4hrend in Zwickau bei der VW-Betriebswahl der bef\u00fcrchtete Rechtsruck ausblieb, r\u00fcckt im Werk Braunschweig erstmals die als AfD-nah geltende Organisation Zentrum in einen Betriebsrat ein. Die IG Metall spricht dennoch von einem positiven Ergebnis.<\/p>\n","protected":false},"excerpt":{"rendered":"<p>W\u00e4hrend in Zwickau bei der VW-Betriebswahl der bef\u00fcrchtete Rechtsruck ausblieb, r\u00fcckt im Werk Braunschweig erstmals die als AfD-nah geltende Organisation Zentrum in einen Betriebsrat ein. Die IG Metall spricht dennoch von einem positiven Ergebnis.<\/p>\n","protected":false},"author":1,"featured_media":24675,"comment_status":"open","ping_status":"open","sticky":false,"template":"","format":"standard","meta":{"footnotes":""},"categories":[1],"tags":[],"class_list":["post-24674","post","type-post","status-publish","format-standard","has-post-thumbnail","hentry","category-uncategorized"],"_links":{"self":[{"href":"https:\/\/wpinitiate.com\/echo-test\/demo76e71539\/wp-json\/wp\/v2\/posts\/24674","targetHints":{"allow":["GET"]}}],"collection":[{"href":"https:\/\/wpinitiate.com\/echo-test\/demo76e71539\/wp-json\/wp\/v2\/posts"}],"about":[{"href":"https:\/\/wpinitiate.com\/echo-test\/demo76e71539\/wp-json\/wp\/v2\/types\/post"}],"author":[{"embeddable":true,"href":"https:\/\/wpinitiate.com\/echo-test\/demo76e71539\/wp-json\/wp\/v2\/users\/1"}],"replies":[{"embeddable":true,"href":"https:\/\/wpinitiate.com\/echo-test\/demo76e71539\/wp-json\/wp\/v2\/comments?post=24674"}],"version-history":[{"count":0,"href":"https:\/\/wpinitiate.com\/echo-test\/demo76e71539\/wp-json\/wp\/v2\/posts\/24674\/revisions"}],"wp:featuredmedia":[{"embeddable":true,"href":"https:\/\/wpinitiate.com\/echo-test\/demo76e71539\/wp-json\/wp\/v2\/media\/24675"}],"wp:attachment":[{"href":"https:\/\/wpinitiate.com\/echo-test\/demo76e71539\/wp-json\/wp\/v2\/media?parent=24674"}],"wp:term":[{"taxonomy":"category","embeddable":true,"href":"https:\/\/wpinitiate.com\/echo-test\/demo76e71539\/wp-json\/wp\/v2\/categories?post=24674"},{"taxonomy":"post_tag","embeddable":true,"href":"https:\/\/wpinitiate.com\/echo-test\/demo76e71539\/wp-json\/wp\/v2\/tags?post=24674"}],"curies":[{"name":"wp","href":"https:\/\/api.w.org\/{rel}","templated":true}]}}