{"id":24990,"date":"2026-03-19T16:26:31","date_gmt":"2026-03-19T16:26:31","guid":{"rendered":"https:\/\/wpinitiate.com\/echo-test\/demo76e71539\/2026\/03\/19\/neuer-chef-bei-krones-vertriebsvorstand-ruckt-auf\/"},"modified":"2026-03-19T16:26:31","modified_gmt":"2026-03-19T16:26:31","slug":"neuer-chef-bei-krones-vertriebsvorstand-ruckt-auf","status":"publish","type":"post","link":"https:\/\/wpinitiate.com\/echo-test\/demo76e71539\/2026\/03\/19\/neuer-chef-bei-krones-vertriebsvorstand-ruckt-auf\/","title":{"rendered":"Neuer Chef bei Krones \u2013 Vertriebsvorstand r\u00fcckt auf"},"content":{"rendered":"<p>Der weltgr\u00f6\u00dfte Abf\u00fcllanlagenbauer Krones bekommt im Juni nach mehr als zehn Jahren \u200beinen neuen Vorstandschef. Christoph Klenk macht Platz f\u00fcr Vertriebsvorstand Thomas Ricker.<\/p>\n","protected":false},"excerpt":{"rendered":"<p>Der weltgr\u00f6\u00dfte Abf\u00fcllanlagenbauer Krones bekommt im Juni nach mehr als zehn Jahren \u200beinen neuen Vorstandschef. Christoph Klenk macht Platz f\u00fcr Vertriebsvorstand Thomas Ricker.<\/p>\n","protected":false},"author":1,"featured_media":24991,"comment_status":"open","ping_status":"open","sticky":false,"template":"","format":"standard","meta":{"footnotes":""},"categories":[1],"tags":[],"class_list":["post-24990","post","type-post","status-publish","format-standard","has-post-thumbnail","hentry","category-uncategorized"],"_links":{"self":[{"href":"https:\/\/wpinitiate.com\/echo-test\/demo76e71539\/wp-json\/wp\/v2\/posts\/24990","targetHints":{"allow":["GET"]}}],"collection":[{"href":"https:\/\/wpinitiate.com\/echo-test\/demo76e71539\/wp-json\/wp\/v2\/posts"}],"about":[{"href":"https:\/\/wpinitiate.com\/echo-test\/demo76e71539\/wp-json\/wp\/v2\/types\/post"}],"author":[{"embeddable":true,"href":"https:\/\/wpinitiate.com\/echo-test\/demo76e71539\/wp-json\/wp\/v2\/users\/1"}],"replies":[{"embeddable":true,"href":"https:\/\/wpinitiate.com\/echo-test\/demo76e71539\/wp-json\/wp\/v2\/comments?post=24990"}],"version-history":[{"count":0,"href":"https:\/\/wpinitiate.com\/echo-test\/demo76e71539\/wp-json\/wp\/v2\/posts\/24990\/revisions"}],"wp:featuredmedia":[{"embeddable":true,"href":"https:\/\/wpinitiate.com\/echo-test\/demo76e71539\/wp-json\/wp\/v2\/media\/24991"}],"wp:attachment":[{"href":"https:\/\/wpinitiate.com\/echo-test\/demo76e71539\/wp-json\/wp\/v2\/media?parent=24990"}],"wp:term":[{"taxonomy":"category","embeddable":true,"href":"https:\/\/wpinitiate.com\/echo-test\/demo76e71539\/wp-json\/wp\/v2\/categories?post=24990"},{"taxonomy":"post_tag","embeddable":true,"href":"https:\/\/wpinitiate.com\/echo-test\/demo76e71539\/wp-json\/wp\/v2\/tags?post=24990"}],"curies":[{"name":"wp","href":"https:\/\/api.w.org\/{rel}","templated":true}]}}