{"id":25134,"date":"2026-03-22T12:28:20","date_gmt":"2026-03-22T12:28:20","guid":{"rendered":"https:\/\/wpinitiate.com\/echo-test\/demo76e71539\/2026\/03\/22\/vw-chefaufseher-potsch-soll-weitere-amtsperiode-ubernehmen\/"},"modified":"2026-03-22T12:28:20","modified_gmt":"2026-03-22T12:28:20","slug":"vw-chefaufseher-potsch-soll-weitere-amtsperiode-ubernehmen","status":"publish","type":"post","link":"https:\/\/wpinitiate.com\/echo-test\/demo76e71539\/2026\/03\/22\/vw-chefaufseher-potsch-soll-weitere-amtsperiode-ubernehmen\/","title":{"rendered":"VW-Chefaufseher P\u00f6tsch soll weitere Amtsperiode \u00fcbernehmen"},"content":{"rendered":"<p>Seit 2015 sitzt Hans Dieter P\u00f6tsch im Aufsichtsrat des Volkswagen-Konzerns, zudem ist er CEO des VW-Gro\u00dfaktion\u00e4rs Porsche SE. Nun sollen beiden Mandate verl\u00e4ngert werden.<\/p>\n","protected":false},"excerpt":{"rendered":"<p>Seit 2015 sitzt Hans Dieter P\u00f6tsch im Aufsichtsrat des Volkswagen-Konzerns, zudem ist er CEO des VW-Gro\u00dfaktion\u00e4rs Porsche SE. Nun sollen beiden Mandate verl\u00e4ngert werden.<\/p>\n","protected":false},"author":1,"featured_media":25135,"comment_status":"open","ping_status":"open","sticky":false,"template":"","format":"standard","meta":{"footnotes":""},"categories":[1],"tags":[],"class_list":["post-25134","post","type-post","status-publish","format-standard","has-post-thumbnail","hentry","category-uncategorized"],"_links":{"self":[{"href":"https:\/\/wpinitiate.com\/echo-test\/demo76e71539\/wp-json\/wp\/v2\/posts\/25134","targetHints":{"allow":["GET"]}}],"collection":[{"href":"https:\/\/wpinitiate.com\/echo-test\/demo76e71539\/wp-json\/wp\/v2\/posts"}],"about":[{"href":"https:\/\/wpinitiate.com\/echo-test\/demo76e71539\/wp-json\/wp\/v2\/types\/post"}],"author":[{"embeddable":true,"href":"https:\/\/wpinitiate.com\/echo-test\/demo76e71539\/wp-json\/wp\/v2\/users\/1"}],"replies":[{"embeddable":true,"href":"https:\/\/wpinitiate.com\/echo-test\/demo76e71539\/wp-json\/wp\/v2\/comments?post=25134"}],"version-history":[{"count":0,"href":"https:\/\/wpinitiate.com\/echo-test\/demo76e71539\/wp-json\/wp\/v2\/posts\/25134\/revisions"}],"wp:featuredmedia":[{"embeddable":true,"href":"https:\/\/wpinitiate.com\/echo-test\/demo76e71539\/wp-json\/wp\/v2\/media\/25135"}],"wp:attachment":[{"href":"https:\/\/wpinitiate.com\/echo-test\/demo76e71539\/wp-json\/wp\/v2\/media?parent=25134"}],"wp:term":[{"taxonomy":"category","embeddable":true,"href":"https:\/\/wpinitiate.com\/echo-test\/demo76e71539\/wp-json\/wp\/v2\/categories?post=25134"},{"taxonomy":"post_tag","embeddable":true,"href":"https:\/\/wpinitiate.com\/echo-test\/demo76e71539\/wp-json\/wp\/v2\/tags?post=25134"}],"curies":[{"name":"wp","href":"https:\/\/api.w.org\/{rel}","templated":true}]}}