{"id":25192,"date":"2026-03-23T16:34:37","date_gmt":"2026-03-23T16:34:37","guid":{"rendered":"https:\/\/wpinitiate.com\/echo-test\/demo76e71539\/2026\/03\/23\/fdp-spitze-um-parteichef-durr-tritt-zuruck\/"},"modified":"2026-03-23T16:34:37","modified_gmt":"2026-03-23T16:34:37","slug":"fdp-spitze-um-parteichef-durr-tritt-zuruck","status":"publish","type":"post","link":"https:\/\/wpinitiate.com\/echo-test\/demo76e71539\/2026\/03\/23\/fdp-spitze-um-parteichef-durr-tritt-zuruck\/","title":{"rendered":"FDP-Spitze um Parteichef D\u00fcrr tritt zur\u00fcck"},"content":{"rendered":"<p>Die FDP zieht Konsequenzen aus den Wahlniederlagen in Rheinland-Pfalz und Baden-W\u00fcrttemberg \u2013 die gesamte Parteif\u00fchrung tritt zur\u00fcck. Pr\u00e4sidium und Bundesvorstand sollen offenbar beim Parteitag Ende Mai neu gew\u00e4hlt werden.<\/p>\n","protected":false},"excerpt":{"rendered":"<p>Die FDP zieht Konsequenzen aus den Wahlniederlagen in Rheinland-Pfalz und Baden-W\u00fcrttemberg \u2013 die gesamte Parteif\u00fchrung tritt zur\u00fcck. Pr\u00e4sidium und Bundesvorstand sollen offenbar beim Parteitag Ende Mai neu gew\u00e4hlt werden.<\/p>\n","protected":false},"author":1,"featured_media":25193,"comment_status":"open","ping_status":"open","sticky":false,"template":"","format":"standard","meta":{"footnotes":""},"categories":[1],"tags":[],"class_list":["post-25192","post","type-post","status-publish","format-standard","has-post-thumbnail","hentry","category-uncategorized"],"_links":{"self":[{"href":"https:\/\/wpinitiate.com\/echo-test\/demo76e71539\/wp-json\/wp\/v2\/posts\/25192","targetHints":{"allow":["GET"]}}],"collection":[{"href":"https:\/\/wpinitiate.com\/echo-test\/demo76e71539\/wp-json\/wp\/v2\/posts"}],"about":[{"href":"https:\/\/wpinitiate.com\/echo-test\/demo76e71539\/wp-json\/wp\/v2\/types\/post"}],"author":[{"embeddable":true,"href":"https:\/\/wpinitiate.com\/echo-test\/demo76e71539\/wp-json\/wp\/v2\/users\/1"}],"replies":[{"embeddable":true,"href":"https:\/\/wpinitiate.com\/echo-test\/demo76e71539\/wp-json\/wp\/v2\/comments?post=25192"}],"version-history":[{"count":0,"href":"https:\/\/wpinitiate.com\/echo-test\/demo76e71539\/wp-json\/wp\/v2\/posts\/25192\/revisions"}],"wp:featuredmedia":[{"embeddable":true,"href":"https:\/\/wpinitiate.com\/echo-test\/demo76e71539\/wp-json\/wp\/v2\/media\/25193"}],"wp:attachment":[{"href":"https:\/\/wpinitiate.com\/echo-test\/demo76e71539\/wp-json\/wp\/v2\/media?parent=25192"}],"wp:term":[{"taxonomy":"category","embeddable":true,"href":"https:\/\/wpinitiate.com\/echo-test\/demo76e71539\/wp-json\/wp\/v2\/categories?post=25192"},{"taxonomy":"post_tag","embeddable":true,"href":"https:\/\/wpinitiate.com\/echo-test\/demo76e71539\/wp-json\/wp\/v2\/tags?post=25192"}],"curies":[{"name":"wp","href":"https:\/\/api.w.org\/{rel}","templated":true}]}}