{"id":25250,"date":"2026-03-24T14:28:24","date_gmt":"2026-03-24T14:28:24","guid":{"rendered":"https:\/\/wpinitiate.com\/echo-test\/demo76e71539\/2026\/03\/24\/christian-lindner-hat-viel-freude-im-privaten-sektor-ex-fdp-chef-will-nicht-in-die-politik-zuruck\/"},"modified":"2026-03-24T14:28:24","modified_gmt":"2026-03-24T14:28:24","slug":"christian-lindner-hat-viel-freude-im-privaten-sektor-ex-fdp-chef-will-nicht-in-die-politik-zuruck","status":"publish","type":"post","link":"https:\/\/wpinitiate.com\/echo-test\/demo76e71539\/2026\/03\/24\/christian-lindner-hat-viel-freude-im-privaten-sektor-ex-fdp-chef-will-nicht-in-die-politik-zuruck\/","title":{"rendered":"Christian Lindner hat \u201eviel Freude im privaten Sektor\u201c: Ex-FDP-Chef will nicht in die Politik zur\u00fcck"},"content":{"rendered":"<p>Nach dem R\u00fccktritt der FDP-Spitze steht zumindest eines fest: Christian Lindner hat keinerlei Absicht, in die Politik zur\u00fcckzukehren, das stellte der Ex-Parteichef nun klar. Stattdessen widmet er sich seinen zahlreichen neuen Jobs.<\/p>\n","protected":false},"excerpt":{"rendered":"<p>Nach dem R\u00fccktritt der FDP-Spitze steht zumindest eines fest: Christian Lindner hat keinerlei Absicht, in die Politik zur\u00fcckzukehren, das stellte der Ex-Parteichef nun klar. Stattdessen widmet er sich seinen zahlreichen neuen Jobs.<\/p>\n","protected":false},"author":1,"featured_media":25251,"comment_status":"open","ping_status":"open","sticky":false,"template":"","format":"standard","meta":{"footnotes":""},"categories":[1],"tags":[],"class_list":["post-25250","post","type-post","status-publish","format-standard","has-post-thumbnail","hentry","category-uncategorized"],"_links":{"self":[{"href":"https:\/\/wpinitiate.com\/echo-test\/demo76e71539\/wp-json\/wp\/v2\/posts\/25250","targetHints":{"allow":["GET"]}}],"collection":[{"href":"https:\/\/wpinitiate.com\/echo-test\/demo76e71539\/wp-json\/wp\/v2\/posts"}],"about":[{"href":"https:\/\/wpinitiate.com\/echo-test\/demo76e71539\/wp-json\/wp\/v2\/types\/post"}],"author":[{"embeddable":true,"href":"https:\/\/wpinitiate.com\/echo-test\/demo76e71539\/wp-json\/wp\/v2\/users\/1"}],"replies":[{"embeddable":true,"href":"https:\/\/wpinitiate.com\/echo-test\/demo76e71539\/wp-json\/wp\/v2\/comments?post=25250"}],"version-history":[{"count":0,"href":"https:\/\/wpinitiate.com\/echo-test\/demo76e71539\/wp-json\/wp\/v2\/posts\/25250\/revisions"}],"wp:featuredmedia":[{"embeddable":true,"href":"https:\/\/wpinitiate.com\/echo-test\/demo76e71539\/wp-json\/wp\/v2\/media\/25251"}],"wp:attachment":[{"href":"https:\/\/wpinitiate.com\/echo-test\/demo76e71539\/wp-json\/wp\/v2\/media?parent=25250"}],"wp:term":[{"taxonomy":"category","embeddable":true,"href":"https:\/\/wpinitiate.com\/echo-test\/demo76e71539\/wp-json\/wp\/v2\/categories?post=25250"},{"taxonomy":"post_tag","embeddable":true,"href":"https:\/\/wpinitiate.com\/echo-test\/demo76e71539\/wp-json\/wp\/v2\/tags?post=25250"}],"curies":[{"name":"wp","href":"https:\/\/api.w.org\/{rel}","templated":true}]}}