{"id":25348,"date":"2026-03-25T19:28:46","date_gmt":"2026-03-25T19:28:46","guid":{"rendered":"https:\/\/wpinitiate.com\/echo-test\/demo76e71539\/2026\/03\/25\/umweltschutzer-laufen-sturm-heftige-kritik-am-klimaschutzprogramm-der-bundesregierung\/"},"modified":"2026-03-25T19:28:46","modified_gmt":"2026-03-25T19:28:46","slug":"umweltschutzer-laufen-sturm-heftige-kritik-am-klimaschutzprogramm-der-bundesregierung","status":"publish","type":"post","link":"https:\/\/wpinitiate.com\/echo-test\/demo76e71539\/2026\/03\/25\/umweltschutzer-laufen-sturm-heftige-kritik-am-klimaschutzprogramm-der-bundesregierung\/","title":{"rendered":"Umweltsch\u00fctzer laufen Sturm: Heftige Kritik am Klimaschutzprogramm der Bundesregierung"},"content":{"rendered":"<p>Die Bundesregierung hat ihr sogenanntes Klimaschutzprogramm verabschiedet, mit dem sie ihre Ziele f\u00fcr 2030 und 2040 erreichen will. Die Kritik daran von Verb\u00e4nden, Organisationen und der Opposition l\u00e4sst nicht auf sich warten.<\/p>\n","protected":false},"excerpt":{"rendered":"<p>Die Bundesregierung hat ihr sogenanntes Klimaschutzprogramm verabschiedet, mit dem sie ihre Ziele f\u00fcr 2030 und 2040 erreichen will. Die Kritik daran von Verb\u00e4nden, Organisationen und der Opposition l\u00e4sst nicht auf sich warten.<\/p>\n","protected":false},"author":1,"featured_media":25349,"comment_status":"open","ping_status":"open","sticky":false,"template":"","format":"standard","meta":{"footnotes":""},"categories":[1],"tags":[],"class_list":["post-25348","post","type-post","status-publish","format-standard","has-post-thumbnail","hentry","category-uncategorized"],"_links":{"self":[{"href":"https:\/\/wpinitiate.com\/echo-test\/demo76e71539\/wp-json\/wp\/v2\/posts\/25348","targetHints":{"allow":["GET"]}}],"collection":[{"href":"https:\/\/wpinitiate.com\/echo-test\/demo76e71539\/wp-json\/wp\/v2\/posts"}],"about":[{"href":"https:\/\/wpinitiate.com\/echo-test\/demo76e71539\/wp-json\/wp\/v2\/types\/post"}],"author":[{"embeddable":true,"href":"https:\/\/wpinitiate.com\/echo-test\/demo76e71539\/wp-json\/wp\/v2\/users\/1"}],"replies":[{"embeddable":true,"href":"https:\/\/wpinitiate.com\/echo-test\/demo76e71539\/wp-json\/wp\/v2\/comments?post=25348"}],"version-history":[{"count":0,"href":"https:\/\/wpinitiate.com\/echo-test\/demo76e71539\/wp-json\/wp\/v2\/posts\/25348\/revisions"}],"wp:featuredmedia":[{"embeddable":true,"href":"https:\/\/wpinitiate.com\/echo-test\/demo76e71539\/wp-json\/wp\/v2\/media\/25349"}],"wp:attachment":[{"href":"https:\/\/wpinitiate.com\/echo-test\/demo76e71539\/wp-json\/wp\/v2\/media?parent=25348"}],"wp:term":[{"taxonomy":"category","embeddable":true,"href":"https:\/\/wpinitiate.com\/echo-test\/demo76e71539\/wp-json\/wp\/v2\/categories?post=25348"},{"taxonomy":"post_tag","embeddable":true,"href":"https:\/\/wpinitiate.com\/echo-test\/demo76e71539\/wp-json\/wp\/v2\/tags?post=25348"}],"curies":[{"name":"wp","href":"https:\/\/api.w.org\/{rel}","templated":true}]}}