{"id":26825,"date":"2026-04-21T11:28:48","date_gmt":"2026-04-21T11:28:48","guid":{"rendered":"https:\/\/wpinitiate.com\/echo-test\/demo76e71539\/2026\/04\/21\/rente-nur-noch-basisabsicherung-kanzler-merz-kundigt-anderungen-bei-gesetzlicher-rente-an\/"},"modified":"2026-04-21T11:28:48","modified_gmt":"2026-04-21T11:28:48","slug":"rente-nur-noch-basisabsicherung-kanzler-merz-kundigt-anderungen-bei-gesetzlicher-rente-an","status":"publish","type":"post","link":"https:\/\/wpinitiate.com\/echo-test\/demo76e71539\/2026\/04\/21\/rente-nur-noch-basisabsicherung-kanzler-merz-kundigt-anderungen-bei-gesetzlicher-rente-an\/","title":{"rendered":"Rente nur noch &#8220;Basisabsicherung&#8221;: Kanzler Merz k\u00fcndigt \u00c4nderungen bei gesetzlicher Rente an"},"content":{"rendered":"<p>Die gesetzliche Rentenversicherung allein werde k\u00fcnftig allenfalls noch die Basisabsicherung sein. Sie werde den Lebensstandard nicht mehr sichern, stimmt Kanzler Friedrich Merz die Deutschen auf Ver\u00e4nderungen ein \u2013 und erntet prompt scharf Kritik.<\/p>\n","protected":false},"excerpt":{"rendered":"<p>Die gesetzliche Rentenversicherung allein werde k\u00fcnftig allenfalls noch die Basisabsicherung sein. Sie werde den Lebensstandard nicht mehr sichern, stimmt Kanzler Friedrich Merz die Deutschen auf Ver\u00e4nderungen ein \u2013 und erntet prompt scharf Kritik.<\/p>\n","protected":false},"author":1,"featured_media":26826,"comment_status":"open","ping_status":"open","sticky":false,"template":"","format":"standard","meta":{"footnotes":""},"categories":[1],"tags":[],"class_list":["post-26825","post","type-post","status-publish","format-standard","has-post-thumbnail","hentry","category-uncategorized"],"_links":{"self":[{"href":"https:\/\/wpinitiate.com\/echo-test\/demo76e71539\/wp-json\/wp\/v2\/posts\/26825","targetHints":{"allow":["GET"]}}],"collection":[{"href":"https:\/\/wpinitiate.com\/echo-test\/demo76e71539\/wp-json\/wp\/v2\/posts"}],"about":[{"href":"https:\/\/wpinitiate.com\/echo-test\/demo76e71539\/wp-json\/wp\/v2\/types\/post"}],"author":[{"embeddable":true,"href":"https:\/\/wpinitiate.com\/echo-test\/demo76e71539\/wp-json\/wp\/v2\/users\/1"}],"replies":[{"embeddable":true,"href":"https:\/\/wpinitiate.com\/echo-test\/demo76e71539\/wp-json\/wp\/v2\/comments?post=26825"}],"version-history":[{"count":0,"href":"https:\/\/wpinitiate.com\/echo-test\/demo76e71539\/wp-json\/wp\/v2\/posts\/26825\/revisions"}],"wp:featuredmedia":[{"embeddable":true,"href":"https:\/\/wpinitiate.com\/echo-test\/demo76e71539\/wp-json\/wp\/v2\/media\/26826"}],"wp:attachment":[{"href":"https:\/\/wpinitiate.com\/echo-test\/demo76e71539\/wp-json\/wp\/v2\/media?parent=26825"}],"wp:term":[{"taxonomy":"category","embeddable":true,"href":"https:\/\/wpinitiate.com\/echo-test\/demo76e71539\/wp-json\/wp\/v2\/categories?post=26825"},{"taxonomy":"post_tag","embeddable":true,"href":"https:\/\/wpinitiate.com\/echo-test\/demo76e71539\/wp-json\/wp\/v2\/tags?post=26825"}],"curies":[{"name":"wp","href":"https:\/\/api.w.org\/{rel}","templated":true}]}}