{"id":2843,"date":"2025-02-01T02:38:12","date_gmt":"2025-02-01T02:38:12","guid":{"rendered":"https:\/\/wpinitiate.com\/echo-test\/demo76e71539\/2025\/02\/01\/m-daimler-truck-chefin-plant-radikalen-stellenabbau-bei-mercedes-benz-trucks\/"},"modified":"2025-02-01T02:38:12","modified_gmt":"2025-02-01T02:38:12","slug":"m-daimler-truck-chefin-plant-radikalen-stellenabbau-bei-mercedes-benz-trucks","status":"publish","type":"post","link":"https:\/\/wpinitiate.com\/echo-test\/demo76e71539\/2025\/02\/01\/m-daimler-truck-chefin-plant-radikalen-stellenabbau-bei-mercedes-benz-trucks\/","title":{"rendered":"(m+) Daimler Truck: Chefin plant radikalen Stellenabbau bei Mercedes Benz Trucks"},"content":{"rendered":"<p>1,2 Milliarden Euro Ergebnis mehr, wohl mehrere Tausend Jobs weniger. Die neue Daimler-Truck-Chefin Karin R\u00e5dstr\u00f6m will ausgerechnet bei ihrer alten Marke aufr\u00e4umen: Mercedes-Benz Trucks. Der Betriebsrat k\u00fcndigt Widerstand an.<\/p>\n","protected":false},"excerpt":{"rendered":"<p>1,2 Milliarden Euro Ergebnis mehr, wohl mehrere Tausend Jobs weniger. Die neue Daimler-Truck-Chefin Karin R\u00e5dstr\u00f6m will ausgerechnet bei ihrer alten Marke aufr\u00e4umen: Mercedes-Benz Trucks. Der Betriebsrat k\u00fcndigt Widerstand an.<\/p>\n","protected":false},"author":1,"featured_media":2844,"comment_status":"open","ping_status":"open","sticky":false,"template":"","format":"standard","meta":{"footnotes":""},"categories":[1],"tags":[],"class_list":["post-2843","post","type-post","status-publish","format-standard","has-post-thumbnail","hentry","category-uncategorized"],"_links":{"self":[{"href":"https:\/\/wpinitiate.com\/echo-test\/demo76e71539\/wp-json\/wp\/v2\/posts\/2843","targetHints":{"allow":["GET"]}}],"collection":[{"href":"https:\/\/wpinitiate.com\/echo-test\/demo76e71539\/wp-json\/wp\/v2\/posts"}],"about":[{"href":"https:\/\/wpinitiate.com\/echo-test\/demo76e71539\/wp-json\/wp\/v2\/types\/post"}],"author":[{"embeddable":true,"href":"https:\/\/wpinitiate.com\/echo-test\/demo76e71539\/wp-json\/wp\/v2\/users\/1"}],"replies":[{"embeddable":true,"href":"https:\/\/wpinitiate.com\/echo-test\/demo76e71539\/wp-json\/wp\/v2\/comments?post=2843"}],"version-history":[{"count":0,"href":"https:\/\/wpinitiate.com\/echo-test\/demo76e71539\/wp-json\/wp\/v2\/posts\/2843\/revisions"}],"wp:featuredmedia":[{"embeddable":true,"href":"https:\/\/wpinitiate.com\/echo-test\/demo76e71539\/wp-json\/wp\/v2\/media\/2844"}],"wp:attachment":[{"href":"https:\/\/wpinitiate.com\/echo-test\/demo76e71539\/wp-json\/wp\/v2\/media?parent=2843"}],"wp:term":[{"taxonomy":"category","embeddable":true,"href":"https:\/\/wpinitiate.com\/echo-test\/demo76e71539\/wp-json\/wp\/v2\/categories?post=2843"},{"taxonomy":"post_tag","embeddable":true,"href":"https:\/\/wpinitiate.com\/echo-test\/demo76e71539\/wp-json\/wp\/v2\/tags?post=2843"}],"curies":[{"name":"wp","href":"https:\/\/api.w.org\/{rel}","templated":true}]}}