{"id":3491,"date":"2025-02-14T09:13:55","date_gmt":"2025-02-14T09:13:55","guid":{"rendered":"https:\/\/wpinitiate.com\/echo-test\/demo76e71539\/2025\/02\/14\/munchner-sicherheitskonferenz-friedrich-merz-erwartet-harte-ansage-von-donald-trumps-vize-j-d-vance\/"},"modified":"2025-02-14T09:13:55","modified_gmt":"2025-02-14T09:13:55","slug":"munchner-sicherheitskonferenz-friedrich-merz-erwartet-harte-ansage-von-donald-trumps-vize-j-d-vance","status":"publish","type":"post","link":"https:\/\/wpinitiate.com\/echo-test\/demo76e71539\/2025\/02\/14\/munchner-sicherheitskonferenz-friedrich-merz-erwartet-harte-ansage-von-donald-trumps-vize-j-d-vance\/","title":{"rendered":"M\u00fcnchner Sicherheitskonferenz: Friedrich Merz erwartet &#8220;harte Ansage von Donald Trumps Vize J.D. Vance"},"content":{"rendered":"<p>Strafz\u00f6lle, Verteidigungsausgaben, Ukrainekrieg \u2013 US-Pr\u00e4sident Donald Trump hat Europa in den wenigen Tagen seit seinem Amtsantritt schon kr\u00e4ftig eingeheizt. Auf der M\u00fcnchner Sicherheitskonferenz spricht nun sein Stellvertreter J.D. Vance \u2013 Kanzlerkandidat Friedrich Merz rechnet mit einer \u201ekonfrontativen Rede\u201c.<\/p>\n","protected":false},"excerpt":{"rendered":"<p>Strafz\u00f6lle, Verteidigungsausgaben, Ukrainekrieg \u2013 US-Pr\u00e4sident Donald Trump hat Europa in den wenigen Tagen seit seinem Amtsantritt schon kr\u00e4ftig eingeheizt. Auf der M\u00fcnchner Sicherheitskonferenz spricht nun sein Stellvertreter J.D. Vance \u2013 Kanzlerkandidat Friedrich Merz rechnet mit einer \u201ekonfrontativen Rede\u201c.<\/p>\n","protected":false},"author":1,"featured_media":3492,"comment_status":"open","ping_status":"open","sticky":false,"template":"","format":"standard","meta":{"footnotes":""},"categories":[1],"tags":[],"class_list":["post-3491","post","type-post","status-publish","format-standard","has-post-thumbnail","hentry","category-uncategorized"],"_links":{"self":[{"href":"https:\/\/wpinitiate.com\/echo-test\/demo76e71539\/wp-json\/wp\/v2\/posts\/3491","targetHints":{"allow":["GET"]}}],"collection":[{"href":"https:\/\/wpinitiate.com\/echo-test\/demo76e71539\/wp-json\/wp\/v2\/posts"}],"about":[{"href":"https:\/\/wpinitiate.com\/echo-test\/demo76e71539\/wp-json\/wp\/v2\/types\/post"}],"author":[{"embeddable":true,"href":"https:\/\/wpinitiate.com\/echo-test\/demo76e71539\/wp-json\/wp\/v2\/users\/1"}],"replies":[{"embeddable":true,"href":"https:\/\/wpinitiate.com\/echo-test\/demo76e71539\/wp-json\/wp\/v2\/comments?post=3491"}],"version-history":[{"count":0,"href":"https:\/\/wpinitiate.com\/echo-test\/demo76e71539\/wp-json\/wp\/v2\/posts\/3491\/revisions"}],"wp:featuredmedia":[{"embeddable":true,"href":"https:\/\/wpinitiate.com\/echo-test\/demo76e71539\/wp-json\/wp\/v2\/media\/3492"}],"wp:attachment":[{"href":"https:\/\/wpinitiate.com\/echo-test\/demo76e71539\/wp-json\/wp\/v2\/media?parent=3491"}],"wp:term":[{"taxonomy":"category","embeddable":true,"href":"https:\/\/wpinitiate.com\/echo-test\/demo76e71539\/wp-json\/wp\/v2\/categories?post=3491"},{"taxonomy":"post_tag","embeddable":true,"href":"https:\/\/wpinitiate.com\/echo-test\/demo76e71539\/wp-json\/wp\/v2\/tags?post=3491"}],"curies":[{"name":"wp","href":"https:\/\/api.w.org\/{rel}","templated":true}]}}