{"id":3605,"date":"2025-02-17T22:57:30","date_gmt":"2025-02-17T22:57:30","guid":{"rendered":"https:\/\/wpinitiate.com\/echo-test\/demo76e71539\/2025\/02\/17\/deutsche-bahn-und-evg-einigung-auf-tarifvertrag-bis-ende-2027-ganz-ohne-streiks\/"},"modified":"2025-02-17T22:57:30","modified_gmt":"2025-02-17T22:57:30","slug":"deutsche-bahn-und-evg-einigung-auf-tarifvertrag-bis-ende-2027-ganz-ohne-streiks","status":"publish","type":"post","link":"https:\/\/wpinitiate.com\/echo-test\/demo76e71539\/2025\/02\/17\/deutsche-bahn-und-evg-einigung-auf-tarifvertrag-bis-ende-2027-ganz-ohne-streiks\/","title":{"rendered":"Deutsche Bahn und EVG: Einigung auf Tarifvertrag bis Ende 2027 \u2013 ganz ohne Streiks"},"content":{"rendered":"<p>Bahn-Mitarbeiter erwarten dank eines neuen Tarifabschlusses 6,5 Prozent mehr Lohn und K\u00fcndigungsschutz bis Dezember 2027. EVG-Verhandlungsf\u00fchrerin Cosima Ingenschay und DB-Personalvorstand Martin Seiler freuen sich \u00fcber ein \u201evern\u00fcnftiges Gesamtpaket\u201c.<\/p>\n","protected":false},"excerpt":{"rendered":"<p>Bahn-Mitarbeiter erwarten dank eines neuen Tarifabschlusses 6,5 Prozent mehr Lohn und K\u00fcndigungsschutz bis Dezember 2027. EVG-Verhandlungsf\u00fchrerin Cosima Ingenschay und DB-Personalvorstand Martin Seiler freuen sich \u00fcber ein \u201evern\u00fcnftiges Gesamtpaket\u201c.<\/p>\n","protected":false},"author":1,"featured_media":3606,"comment_status":"open","ping_status":"open","sticky":false,"template":"","format":"standard","meta":{"footnotes":""},"categories":[1],"tags":[],"class_list":["post-3605","post","type-post","status-publish","format-standard","has-post-thumbnail","hentry","category-uncategorized"],"_links":{"self":[{"href":"https:\/\/wpinitiate.com\/echo-test\/demo76e71539\/wp-json\/wp\/v2\/posts\/3605","targetHints":{"allow":["GET"]}}],"collection":[{"href":"https:\/\/wpinitiate.com\/echo-test\/demo76e71539\/wp-json\/wp\/v2\/posts"}],"about":[{"href":"https:\/\/wpinitiate.com\/echo-test\/demo76e71539\/wp-json\/wp\/v2\/types\/post"}],"author":[{"embeddable":true,"href":"https:\/\/wpinitiate.com\/echo-test\/demo76e71539\/wp-json\/wp\/v2\/users\/1"}],"replies":[{"embeddable":true,"href":"https:\/\/wpinitiate.com\/echo-test\/demo76e71539\/wp-json\/wp\/v2\/comments?post=3605"}],"version-history":[{"count":0,"href":"https:\/\/wpinitiate.com\/echo-test\/demo76e71539\/wp-json\/wp\/v2\/posts\/3605\/revisions"}],"wp:featuredmedia":[{"embeddable":true,"href":"https:\/\/wpinitiate.com\/echo-test\/demo76e71539\/wp-json\/wp\/v2\/media\/3606"}],"wp:attachment":[{"href":"https:\/\/wpinitiate.com\/echo-test\/demo76e71539\/wp-json\/wp\/v2\/media?parent=3605"}],"wp:term":[{"taxonomy":"category","embeddable":true,"href":"https:\/\/wpinitiate.com\/echo-test\/demo76e71539\/wp-json\/wp\/v2\/categories?post=3605"},{"taxonomy":"post_tag","embeddable":true,"href":"https:\/\/wpinitiate.com\/echo-test\/demo76e71539\/wp-json\/wp\/v2\/tags?post=3605"}],"curies":[{"name":"wp","href":"https:\/\/api.w.org\/{rel}","templated":true}]}}