{"id":3783,"date":"2025-02-20T14:14:01","date_gmt":"2025-02-20T14:14:01","guid":{"rendered":"https:\/\/wpinitiate.com\/echo-test\/demo76e71539\/2025\/02\/20\/m-volkswagen-arbeitskampf-ceo-und-vorstand-verzichten-auf-millionen-euro-gehalt\/"},"modified":"2025-02-20T14:14:01","modified_gmt":"2025-02-20T14:14:01","slug":"m-volkswagen-arbeitskampf-ceo-und-vorstand-verzichten-auf-millionen-euro-gehalt","status":"publish","type":"post","link":"https:\/\/wpinitiate.com\/echo-test\/demo76e71539\/2025\/02\/20\/m-volkswagen-arbeitskampf-ceo-und-vorstand-verzichten-auf-millionen-euro-gehalt\/","title":{"rendered":"(m+) Volkswagen Arbeitskampf: CEO und Vorstand verzichten auf Millionen Euro Gehalt"},"content":{"rendered":"<p>W\u00e4hrend des Arbeitskampfs bei VW forderten die Arbeitnehmer, dass auch die Aktion\u00e4re wie Wolfgang Porsche zur\u00fcckstecken. Nun zeichnet sich eine Einigung ab: Es gibt weniger Dividende \u2013 aber nur ein bisschen. Auch die Vorst\u00e4nde verzichten.<\/p>\n","protected":false},"excerpt":{"rendered":"<p>W\u00e4hrend des Arbeitskampfs bei VW forderten die Arbeitnehmer, dass auch die Aktion\u00e4re wie Wolfgang Porsche zur\u00fcckstecken. Nun zeichnet sich eine Einigung ab: Es gibt weniger Dividende \u2013 aber nur ein bisschen. Auch die Vorst\u00e4nde verzichten.<\/p>\n","protected":false},"author":1,"featured_media":3784,"comment_status":"open","ping_status":"open","sticky":false,"template":"","format":"standard","meta":{"footnotes":""},"categories":[1],"tags":[],"class_list":["post-3783","post","type-post","status-publish","format-standard","has-post-thumbnail","hentry","category-uncategorized"],"_links":{"self":[{"href":"https:\/\/wpinitiate.com\/echo-test\/demo76e71539\/wp-json\/wp\/v2\/posts\/3783","targetHints":{"allow":["GET"]}}],"collection":[{"href":"https:\/\/wpinitiate.com\/echo-test\/demo76e71539\/wp-json\/wp\/v2\/posts"}],"about":[{"href":"https:\/\/wpinitiate.com\/echo-test\/demo76e71539\/wp-json\/wp\/v2\/types\/post"}],"author":[{"embeddable":true,"href":"https:\/\/wpinitiate.com\/echo-test\/demo76e71539\/wp-json\/wp\/v2\/users\/1"}],"replies":[{"embeddable":true,"href":"https:\/\/wpinitiate.com\/echo-test\/demo76e71539\/wp-json\/wp\/v2\/comments?post=3783"}],"version-history":[{"count":0,"href":"https:\/\/wpinitiate.com\/echo-test\/demo76e71539\/wp-json\/wp\/v2\/posts\/3783\/revisions"}],"wp:featuredmedia":[{"embeddable":true,"href":"https:\/\/wpinitiate.com\/echo-test\/demo76e71539\/wp-json\/wp\/v2\/media\/3784"}],"wp:attachment":[{"href":"https:\/\/wpinitiate.com\/echo-test\/demo76e71539\/wp-json\/wp\/v2\/media?parent=3783"}],"wp:term":[{"taxonomy":"category","embeddable":true,"href":"https:\/\/wpinitiate.com\/echo-test\/demo76e71539\/wp-json\/wp\/v2\/categories?post=3783"},{"taxonomy":"post_tag","embeddable":true,"href":"https:\/\/wpinitiate.com\/echo-test\/demo76e71539\/wp-json\/wp\/v2\/tags?post=3783"}],"curies":[{"name":"wp","href":"https:\/\/api.w.org\/{rel}","templated":true}]}}