{"id":4439,"date":"2025-03-04T12:56:39","date_gmt":"2025-03-04T12:56:39","guid":{"rendered":"https:\/\/wpinitiate.com\/echo-test\/demo76e71539\/2025\/03\/04\/militar-eu-will-800-milliarden-euro-fur-verteidigung-mobilisieren-und-stabilitatspakt-lockern\/"},"modified":"2025-03-04T12:56:39","modified_gmt":"2025-03-04T12:56:39","slug":"militar-eu-will-800-milliarden-euro-fur-verteidigung-mobilisieren-und-stabilitatspakt-lockern","status":"publish","type":"post","link":"https:\/\/wpinitiate.com\/echo-test\/demo76e71539\/2025\/03\/04\/militar-eu-will-800-milliarden-euro-fur-verteidigung-mobilisieren-und-stabilitatspakt-lockern\/","title":{"rendered":"Milit\u00e4r: EU will 800 Milliarden Euro f\u00fcr Verteidigung mobilisieren und Stabilit\u00e4tspakt lockern"},"content":{"rendered":"<p>EU-Kommissionspr\u00e4sidentin Ursula von der Leyen will die Stabilit\u00e4tskriterien lockern, um zus\u00e4tzliche Milliarden f\u00fcr Verteidigung zu mobilisieren. \u201eWir befinden uns in einer \u00c4ra der Aufr\u00fcstung\u201c, so von der Leyen.<\/p>\n","protected":false},"excerpt":{"rendered":"<p>EU-Kommissionspr\u00e4sidentin Ursula von der Leyen will die Stabilit\u00e4tskriterien lockern, um zus\u00e4tzliche Milliarden f\u00fcr Verteidigung zu mobilisieren. \u201eWir befinden uns in einer \u00c4ra der Aufr\u00fcstung\u201c, so von der Leyen.<\/p>\n","protected":false},"author":1,"featured_media":4440,"comment_status":"open","ping_status":"open","sticky":false,"template":"","format":"standard","meta":{"footnotes":""},"categories":[1],"tags":[],"class_list":["post-4439","post","type-post","status-publish","format-standard","has-post-thumbnail","hentry","category-uncategorized"],"_links":{"self":[{"href":"https:\/\/wpinitiate.com\/echo-test\/demo76e71539\/wp-json\/wp\/v2\/posts\/4439","targetHints":{"allow":["GET"]}}],"collection":[{"href":"https:\/\/wpinitiate.com\/echo-test\/demo76e71539\/wp-json\/wp\/v2\/posts"}],"about":[{"href":"https:\/\/wpinitiate.com\/echo-test\/demo76e71539\/wp-json\/wp\/v2\/types\/post"}],"author":[{"embeddable":true,"href":"https:\/\/wpinitiate.com\/echo-test\/demo76e71539\/wp-json\/wp\/v2\/users\/1"}],"replies":[{"embeddable":true,"href":"https:\/\/wpinitiate.com\/echo-test\/demo76e71539\/wp-json\/wp\/v2\/comments?post=4439"}],"version-history":[{"count":0,"href":"https:\/\/wpinitiate.com\/echo-test\/demo76e71539\/wp-json\/wp\/v2\/posts\/4439\/revisions"}],"wp:featuredmedia":[{"embeddable":true,"href":"https:\/\/wpinitiate.com\/echo-test\/demo76e71539\/wp-json\/wp\/v2\/media\/4440"}],"wp:attachment":[{"href":"https:\/\/wpinitiate.com\/echo-test\/demo76e71539\/wp-json\/wp\/v2\/media?parent=4439"}],"wp:term":[{"taxonomy":"category","embeddable":true,"href":"https:\/\/wpinitiate.com\/echo-test\/demo76e71539\/wp-json\/wp\/v2\/categories?post=4439"},{"taxonomy":"post_tag","embeddable":true,"href":"https:\/\/wpinitiate.com\/echo-test\/demo76e71539\/wp-json\/wp\/v2\/tags?post=4439"}],"curies":[{"name":"wp","href":"https:\/\/api.w.org\/{rel}","templated":true}]}}