{"id":4517,"date":"2025-03-05T15:25:30","date_gmt":"2025-03-05T15:25:30","guid":{"rendered":"https:\/\/wpinitiate.com\/echo-test\/demo76e71539\/2025\/03\/05\/werk-in-mexiko-volkswagen-reagiert-auf-us-zolle-und-hofft-auf-trumps-vernunft\/"},"modified":"2025-03-05T15:25:30","modified_gmt":"2025-03-05T15:25:30","slug":"werk-in-mexiko-volkswagen-reagiert-auf-us-zolle-und-hofft-auf-trumps-vernunft","status":"publish","type":"post","link":"https:\/\/wpinitiate.com\/echo-test\/demo76e71539\/2025\/03\/05\/werk-in-mexiko-volkswagen-reagiert-auf-us-zolle-und-hofft-auf-trumps-vernunft\/","title":{"rendered":"Werk in Mexiko: Volkswagen reagiert auf US-Z\u00f6lle \u2013 und hofft auf Trumps Vernunft"},"content":{"rendered":"<p>Volkswagen ergreift f\u00fcr sein Werk in Mexiko Notfallma\u00dfnahmen gegen die neuen US-Z\u00f6lle. Zugleich appelliert der Konzern an den US-Pr\u00e4sidenten, die Abgaben, die auch der US-Wirtschaft und den US-B\u00fcrgern schadeten, zu \u00fcberdenken.<\/p>\n","protected":false},"excerpt":{"rendered":"<p>Volkswagen ergreift f\u00fcr sein Werk in Mexiko Notfallma\u00dfnahmen gegen die neuen US-Z\u00f6lle. Zugleich appelliert der Konzern an den US-Pr\u00e4sidenten, die Abgaben, die auch der US-Wirtschaft und den US-B\u00fcrgern schadeten, zu \u00fcberdenken.<\/p>\n","protected":false},"author":1,"featured_media":4518,"comment_status":"open","ping_status":"open","sticky":false,"template":"","format":"standard","meta":{"footnotes":""},"categories":[1],"tags":[],"class_list":["post-4517","post","type-post","status-publish","format-standard","has-post-thumbnail","hentry","category-uncategorized"],"_links":{"self":[{"href":"https:\/\/wpinitiate.com\/echo-test\/demo76e71539\/wp-json\/wp\/v2\/posts\/4517","targetHints":{"allow":["GET"]}}],"collection":[{"href":"https:\/\/wpinitiate.com\/echo-test\/demo76e71539\/wp-json\/wp\/v2\/posts"}],"about":[{"href":"https:\/\/wpinitiate.com\/echo-test\/demo76e71539\/wp-json\/wp\/v2\/types\/post"}],"author":[{"embeddable":true,"href":"https:\/\/wpinitiate.com\/echo-test\/demo76e71539\/wp-json\/wp\/v2\/users\/1"}],"replies":[{"embeddable":true,"href":"https:\/\/wpinitiate.com\/echo-test\/demo76e71539\/wp-json\/wp\/v2\/comments?post=4517"}],"version-history":[{"count":0,"href":"https:\/\/wpinitiate.com\/echo-test\/demo76e71539\/wp-json\/wp\/v2\/posts\/4517\/revisions"}],"wp:featuredmedia":[{"embeddable":true,"href":"https:\/\/wpinitiate.com\/echo-test\/demo76e71539\/wp-json\/wp\/v2\/media\/4518"}],"wp:attachment":[{"href":"https:\/\/wpinitiate.com\/echo-test\/demo76e71539\/wp-json\/wp\/v2\/media?parent=4517"}],"wp:term":[{"taxonomy":"category","embeddable":true,"href":"https:\/\/wpinitiate.com\/echo-test\/demo76e71539\/wp-json\/wp\/v2\/categories?post=4517"},{"taxonomy":"post_tag","embeddable":true,"href":"https:\/\/wpinitiate.com\/echo-test\/demo76e71539\/wp-json\/wp\/v2\/tags?post=4517"}],"curies":[{"name":"wp","href":"https:\/\/api.w.org\/{rel}","templated":true}]}}