{"id":4973,"date":"2025-03-14T07:12:50","date_gmt":"2025-03-14T07:12:50","guid":{"rendered":"https:\/\/wpinitiate.com\/echo-test\/demo76e71539\/2025\/03\/14\/die-pleiteserie-des-lars-windhorst-und-warum-es-nun-eng-fur-ihn-wird\/"},"modified":"2025-03-14T07:12:50","modified_gmt":"2025-03-14T07:12:50","slug":"die-pleiteserie-des-lars-windhorst-und-warum-es-nun-eng-fur-ihn-wird","status":"publish","type":"post","link":"https:\/\/wpinitiate.com\/echo-test\/demo76e71539\/2025\/03\/14\/die-pleiteserie-des-lars-windhorst-und-warum-es-nun-eng-fur-ihn-wird\/","title":{"rendered":"Die Pleiteserie des Lars Windhorst \u2013 und warum es nun eng f\u00fcr ihn wird"},"content":{"rendered":"<p>Lars Windhorst steht im Ruf eines ewigen Stehaufm\u00e4nnchens. Doch wo er auftaucht, hinterl\u00e4sst er oft eine Schneise der bilanziellen Verw\u00fcstung. Kann das noch gut gehen oder folgt er Ren\u00e9 Benko wom\u00f6glich ins Gef\u00e4ngnis? Dar\u00fcber diskutieren wir im Podcast.<\/p>\n","protected":false},"excerpt":{"rendered":"<p>Lars Windhorst steht im Ruf eines ewigen Stehaufm\u00e4nnchens. Doch wo er auftaucht, hinterl\u00e4sst er oft eine Schneise der bilanziellen Verw\u00fcstung. Kann das noch gut gehen oder folgt er Ren\u00e9 Benko wom\u00f6glich ins Gef\u00e4ngnis? Dar\u00fcber diskutieren wir im Podcast.<\/p>\n","protected":false},"author":1,"featured_media":4974,"comment_status":"open","ping_status":"open","sticky":false,"template":"","format":"standard","meta":{"footnotes":""},"categories":[1],"tags":[],"class_list":["post-4973","post","type-post","status-publish","format-standard","has-post-thumbnail","hentry","category-uncategorized"],"_links":{"self":[{"href":"https:\/\/wpinitiate.com\/echo-test\/demo76e71539\/wp-json\/wp\/v2\/posts\/4973","targetHints":{"allow":["GET"]}}],"collection":[{"href":"https:\/\/wpinitiate.com\/echo-test\/demo76e71539\/wp-json\/wp\/v2\/posts"}],"about":[{"href":"https:\/\/wpinitiate.com\/echo-test\/demo76e71539\/wp-json\/wp\/v2\/types\/post"}],"author":[{"embeddable":true,"href":"https:\/\/wpinitiate.com\/echo-test\/demo76e71539\/wp-json\/wp\/v2\/users\/1"}],"replies":[{"embeddable":true,"href":"https:\/\/wpinitiate.com\/echo-test\/demo76e71539\/wp-json\/wp\/v2\/comments?post=4973"}],"version-history":[{"count":0,"href":"https:\/\/wpinitiate.com\/echo-test\/demo76e71539\/wp-json\/wp\/v2\/posts\/4973\/revisions"}],"wp:featuredmedia":[{"embeddable":true,"href":"https:\/\/wpinitiate.com\/echo-test\/demo76e71539\/wp-json\/wp\/v2\/media\/4974"}],"wp:attachment":[{"href":"https:\/\/wpinitiate.com\/echo-test\/demo76e71539\/wp-json\/wp\/v2\/media?parent=4973"}],"wp:term":[{"taxonomy":"category","embeddable":true,"href":"https:\/\/wpinitiate.com\/echo-test\/demo76e71539\/wp-json\/wp\/v2\/categories?post=4973"},{"taxonomy":"post_tag","embeddable":true,"href":"https:\/\/wpinitiate.com\/echo-test\/demo76e71539\/wp-json\/wp\/v2\/tags?post=4973"}],"curies":[{"name":"wp","href":"https:\/\/api.w.org\/{rel}","templated":true}]}}