{"id":5093,"date":"2025-03-16T11:35:19","date_gmt":"2025-03-16T11:35:19","guid":{"rendered":"https:\/\/wpinitiate.com\/echo-test\/demo76e71539\/2025\/03\/16\/fachkraftemangel-hohe-mieten-in-grosstadten-verscharfen-ringen-um-fachkrafte\/"},"modified":"2025-03-16T11:35:19","modified_gmt":"2025-03-16T11:35:19","slug":"fachkraftemangel-hohe-mieten-in-grosstadten-verscharfen-ringen-um-fachkrafte","status":"publish","type":"post","link":"https:\/\/wpinitiate.com\/echo-test\/demo76e71539\/2025\/03\/16\/fachkraftemangel-hohe-mieten-in-grosstadten-verscharfen-ringen-um-fachkrafte\/","title":{"rendered":"Fachkr\u00e4ftemangel: Hohe Mieten in Gro\u00dfst\u00e4dten versch\u00e4rfen Ringen um Fachkr\u00e4fte"},"content":{"rendered":"<p>Der angespannte Wohnungsmarkt in deutschen Gro\u00dfst\u00e4dten droht, den Fachkr\u00e4ftemangel noch weiter zu versch\u00e4rfen. Einer aktuellen Umfrage zufolge denkt jeder dritte Berufst\u00e4tige wegen zu hoher Mieten \u00fcber einen Jobwechsel nach.<\/p>\n","protected":false},"excerpt":{"rendered":"<p>Der angespannte Wohnungsmarkt in deutschen Gro\u00dfst\u00e4dten droht, den Fachkr\u00e4ftemangel noch weiter zu versch\u00e4rfen. Einer aktuellen Umfrage zufolge denkt jeder dritte Berufst\u00e4tige wegen zu hoher Mieten \u00fcber einen Jobwechsel nach.<\/p>\n","protected":false},"author":1,"featured_media":5094,"comment_status":"open","ping_status":"open","sticky":false,"template":"","format":"standard","meta":{"footnotes":""},"categories":[1],"tags":[],"class_list":["post-5093","post","type-post","status-publish","format-standard","has-post-thumbnail","hentry","category-uncategorized"],"_links":{"self":[{"href":"https:\/\/wpinitiate.com\/echo-test\/demo76e71539\/wp-json\/wp\/v2\/posts\/5093","targetHints":{"allow":["GET"]}}],"collection":[{"href":"https:\/\/wpinitiate.com\/echo-test\/demo76e71539\/wp-json\/wp\/v2\/posts"}],"about":[{"href":"https:\/\/wpinitiate.com\/echo-test\/demo76e71539\/wp-json\/wp\/v2\/types\/post"}],"author":[{"embeddable":true,"href":"https:\/\/wpinitiate.com\/echo-test\/demo76e71539\/wp-json\/wp\/v2\/users\/1"}],"replies":[{"embeddable":true,"href":"https:\/\/wpinitiate.com\/echo-test\/demo76e71539\/wp-json\/wp\/v2\/comments?post=5093"}],"version-history":[{"count":0,"href":"https:\/\/wpinitiate.com\/echo-test\/demo76e71539\/wp-json\/wp\/v2\/posts\/5093\/revisions"}],"wp:featuredmedia":[{"embeddable":true,"href":"https:\/\/wpinitiate.com\/echo-test\/demo76e71539\/wp-json\/wp\/v2\/media\/5094"}],"wp:attachment":[{"href":"https:\/\/wpinitiate.com\/echo-test\/demo76e71539\/wp-json\/wp\/v2\/media?parent=5093"}],"wp:term":[{"taxonomy":"category","embeddable":true,"href":"https:\/\/wpinitiate.com\/echo-test\/demo76e71539\/wp-json\/wp\/v2\/categories?post=5093"},{"taxonomy":"post_tag","embeddable":true,"href":"https:\/\/wpinitiate.com\/echo-test\/demo76e71539\/wp-json\/wp\/v2\/tags?post=5093"}],"curies":[{"name":"wp","href":"https:\/\/api.w.org\/{rel}","templated":true}]}}