{"id":5186,"date":"2025-03-18T11:36:28","date_gmt":"2025-03-18T11:36:28","guid":{"rendered":"https:\/\/wpinitiate.com\/echo-test\/demo76e71539\/2025\/03\/18\/tarifstreit-im-offentlichen-dienst-verhandlungen-gescheitert-schlichter-roland-koch-soll-ubernehmen\/"},"modified":"2025-03-18T11:36:28","modified_gmt":"2025-03-18T11:36:28","slug":"tarifstreit-im-offentlichen-dienst-verhandlungen-gescheitert-schlichter-roland-koch-soll-ubernehmen","status":"publish","type":"post","link":"https:\/\/wpinitiate.com\/echo-test\/demo76e71539\/2025\/03\/18\/tarifstreit-im-offentlichen-dienst-verhandlungen-gescheitert-schlichter-roland-koch-soll-ubernehmen\/","title":{"rendered":"Tarifstreit im \u00f6ffentlichen Dienst: Verhandlungen gescheitert, Schlichter Roland Koch soll \u00fcbernehmen"},"content":{"rendered":"<p>Im Tarifstreit um mehr Gehalt f\u00fcr Besch\u00e4ftigte im \u00f6ffentlichen Dienst gab es auch in der dritten Runde keine Einigung. Nun soll ein ehemaliger CDU-Politiker als Schlichter \u00fcbernehmen.<\/p>\n","protected":false},"excerpt":{"rendered":"<p>Im Tarifstreit um mehr Gehalt f\u00fcr Besch\u00e4ftigte im \u00f6ffentlichen Dienst gab es auch in der dritten Runde keine Einigung. Nun soll ein ehemaliger CDU-Politiker als Schlichter \u00fcbernehmen.<\/p>\n","protected":false},"author":1,"featured_media":5187,"comment_status":"open","ping_status":"open","sticky":false,"template":"","format":"standard","meta":{"footnotes":""},"categories":[1],"tags":[],"class_list":["post-5186","post","type-post","status-publish","format-standard","has-post-thumbnail","hentry","category-uncategorized"],"_links":{"self":[{"href":"https:\/\/wpinitiate.com\/echo-test\/demo76e71539\/wp-json\/wp\/v2\/posts\/5186","targetHints":{"allow":["GET"]}}],"collection":[{"href":"https:\/\/wpinitiate.com\/echo-test\/demo76e71539\/wp-json\/wp\/v2\/posts"}],"about":[{"href":"https:\/\/wpinitiate.com\/echo-test\/demo76e71539\/wp-json\/wp\/v2\/types\/post"}],"author":[{"embeddable":true,"href":"https:\/\/wpinitiate.com\/echo-test\/demo76e71539\/wp-json\/wp\/v2\/users\/1"}],"replies":[{"embeddable":true,"href":"https:\/\/wpinitiate.com\/echo-test\/demo76e71539\/wp-json\/wp\/v2\/comments?post=5186"}],"version-history":[{"count":0,"href":"https:\/\/wpinitiate.com\/echo-test\/demo76e71539\/wp-json\/wp\/v2\/posts\/5186\/revisions"}],"wp:featuredmedia":[{"embeddable":true,"href":"https:\/\/wpinitiate.com\/echo-test\/demo76e71539\/wp-json\/wp\/v2\/media\/5187"}],"wp:attachment":[{"href":"https:\/\/wpinitiate.com\/echo-test\/demo76e71539\/wp-json\/wp\/v2\/media?parent=5186"}],"wp:term":[{"taxonomy":"category","embeddable":true,"href":"https:\/\/wpinitiate.com\/echo-test\/demo76e71539\/wp-json\/wp\/v2\/categories?post=5186"},{"taxonomy":"post_tag","embeddable":true,"href":"https:\/\/wpinitiate.com\/echo-test\/demo76e71539\/wp-json\/wp\/v2\/tags?post=5186"}],"curies":[{"name":"wp","href":"https:\/\/api.w.org\/{rel}","templated":true}]}}