{"id":5655,"date":"2025-03-27T13:40:08","date_gmt":"2025-03-27T13:40:08","guid":{"rendered":"https:\/\/wpinitiate.com\/echo-test\/demo76e71539\/2025\/03\/27\/m-volkswagen-und-porsche-oliver-blumes-neue-rolle-und-das-ringen-um-die-neue-konzernstruktur\/"},"modified":"2025-03-27T13:40:08","modified_gmt":"2025-03-27T13:40:08","slug":"m-volkswagen-und-porsche-oliver-blumes-neue-rolle-und-das-ringen-um-die-neue-konzernstruktur","status":"publish","type":"post","link":"https:\/\/wpinitiate.com\/echo-test\/demo76e71539\/2025\/03\/27\/m-volkswagen-und-porsche-oliver-blumes-neue-rolle-und-das-ringen-um-die-neue-konzernstruktur\/","title":{"rendered":"(m+) Volkswagen und Porsche: Oliver Blumes neue Rolle \u2013 und das Ringen um die neue Konzernstruktur"},"content":{"rendered":"<p>CEO Oliver Blume will dem Volkswagen-Konzern eine neue Ordnung geben. Mit einer gest\u00e4rkten Zentrale, schw\u00e4cheren Marken, weniger Vorst\u00e4nden \u2013 und einem m\u00f6glichen neuen Job f\u00fcr ihn selbst. Exklusive Einblicke in das Wolfsburger Ringen.<\/p>\n","protected":false},"excerpt":{"rendered":"<p>CEO Oliver Blume will dem Volkswagen-Konzern eine neue Ordnung geben. Mit einer gest\u00e4rkten Zentrale, schw\u00e4cheren Marken, weniger Vorst\u00e4nden \u2013 und einem m\u00f6glichen neuen Job f\u00fcr ihn selbst. Exklusive Einblicke in das Wolfsburger Ringen.<\/p>\n","protected":false},"author":1,"featured_media":5656,"comment_status":"open","ping_status":"open","sticky":false,"template":"","format":"standard","meta":{"footnotes":""},"categories":[1],"tags":[],"class_list":["post-5655","post","type-post","status-publish","format-standard","has-post-thumbnail","hentry","category-uncategorized"],"_links":{"self":[{"href":"https:\/\/wpinitiate.com\/echo-test\/demo76e71539\/wp-json\/wp\/v2\/posts\/5655","targetHints":{"allow":["GET"]}}],"collection":[{"href":"https:\/\/wpinitiate.com\/echo-test\/demo76e71539\/wp-json\/wp\/v2\/posts"}],"about":[{"href":"https:\/\/wpinitiate.com\/echo-test\/demo76e71539\/wp-json\/wp\/v2\/types\/post"}],"author":[{"embeddable":true,"href":"https:\/\/wpinitiate.com\/echo-test\/demo76e71539\/wp-json\/wp\/v2\/users\/1"}],"replies":[{"embeddable":true,"href":"https:\/\/wpinitiate.com\/echo-test\/demo76e71539\/wp-json\/wp\/v2\/comments?post=5655"}],"version-history":[{"count":0,"href":"https:\/\/wpinitiate.com\/echo-test\/demo76e71539\/wp-json\/wp\/v2\/posts\/5655\/revisions"}],"wp:featuredmedia":[{"embeddable":true,"href":"https:\/\/wpinitiate.com\/echo-test\/demo76e71539\/wp-json\/wp\/v2\/media\/5656"}],"wp:attachment":[{"href":"https:\/\/wpinitiate.com\/echo-test\/demo76e71539\/wp-json\/wp\/v2\/media?parent=5655"}],"wp:term":[{"taxonomy":"category","embeddable":true,"href":"https:\/\/wpinitiate.com\/echo-test\/demo76e71539\/wp-json\/wp\/v2\/categories?post=5655"},{"taxonomy":"post_tag","embeddable":true,"href":"https:\/\/wpinitiate.com\/echo-test\/demo76e71539\/wp-json\/wp\/v2\/tags?post=5655"}],"curies":[{"name":"wp","href":"https:\/\/api.w.org\/{rel}","templated":true}]}}