{"id":5683,"date":"2025-03-27T23:04:01","date_gmt":"2025-03-27T23:04:01","guid":{"rendered":"https:\/\/wpinitiate.com\/echo-test\/demo76e71539\/2025\/03\/27\/hm-modekonzern-startet-schwacher-ins-neue-geschaftsjahr-preisnachlasse-und-marketingkosten-belasten-quartalsbilanz\/"},"modified":"2025-03-27T23:04:01","modified_gmt":"2025-03-27T23:04:01","slug":"hm-modekonzern-startet-schwacher-ins-neue-geschaftsjahr-preisnachlasse-und-marketingkosten-belasten-quartalsbilanz","status":"publish","type":"post","link":"https:\/\/wpinitiate.com\/echo-test\/demo76e71539\/2025\/03\/27\/hm-modekonzern-startet-schwacher-ins-neue-geschaftsjahr-preisnachlasse-und-marketingkosten-belasten-quartalsbilanz\/","title":{"rendered":"H&#038;M: Modekonzern startet schw\u00e4cher ins neue Gesch\u00e4ftsjahr, Preisnachl\u00e4sse und Marketingkosten belasten Quartalsbilanz"},"content":{"rendered":"<p>Der Umsatz des Textileinzelh\u00e4ndlers H&#038;M ist im ersten Quartal nur gering gewachsen. Preisnachl\u00e4sse, Marketingausgaben und die aufgewertete Krone belasteten das Gesch\u00e4ft, berichtet der schwedische Konzern.<\/p>\n","protected":false},"excerpt":{"rendered":"<p>Der Umsatz des Textileinzelh\u00e4ndlers H&#038;M ist im ersten Quartal nur gering gewachsen. Preisnachl\u00e4sse, Marketingausgaben und die aufgewertete Krone belasteten das Gesch\u00e4ft, berichtet der schwedische Konzern.<\/p>\n","protected":false},"author":1,"featured_media":5684,"comment_status":"open","ping_status":"open","sticky":false,"template":"","format":"standard","meta":{"footnotes":""},"categories":[1],"tags":[],"class_list":["post-5683","post","type-post","status-publish","format-standard","has-post-thumbnail","hentry","category-uncategorized"],"_links":{"self":[{"href":"https:\/\/wpinitiate.com\/echo-test\/demo76e71539\/wp-json\/wp\/v2\/posts\/5683","targetHints":{"allow":["GET"]}}],"collection":[{"href":"https:\/\/wpinitiate.com\/echo-test\/demo76e71539\/wp-json\/wp\/v2\/posts"}],"about":[{"href":"https:\/\/wpinitiate.com\/echo-test\/demo76e71539\/wp-json\/wp\/v2\/types\/post"}],"author":[{"embeddable":true,"href":"https:\/\/wpinitiate.com\/echo-test\/demo76e71539\/wp-json\/wp\/v2\/users\/1"}],"replies":[{"embeddable":true,"href":"https:\/\/wpinitiate.com\/echo-test\/demo76e71539\/wp-json\/wp\/v2\/comments?post=5683"}],"version-history":[{"count":0,"href":"https:\/\/wpinitiate.com\/echo-test\/demo76e71539\/wp-json\/wp\/v2\/posts\/5683\/revisions"}],"wp:featuredmedia":[{"embeddable":true,"href":"https:\/\/wpinitiate.com\/echo-test\/demo76e71539\/wp-json\/wp\/v2\/media\/5684"}],"wp:attachment":[{"href":"https:\/\/wpinitiate.com\/echo-test\/demo76e71539\/wp-json\/wp\/v2\/media?parent=5683"}],"wp:term":[{"taxonomy":"category","embeddable":true,"href":"https:\/\/wpinitiate.com\/echo-test\/demo76e71539\/wp-json\/wp\/v2\/categories?post=5683"},{"taxonomy":"post_tag","embeddable":true,"href":"https:\/\/wpinitiate.com\/echo-test\/demo76e71539\/wp-json\/wp\/v2\/tags?post=5683"}],"curies":[{"name":"wp","href":"https:\/\/api.w.org\/{rel}","templated":true}]}}