{"id":5734,"date":"2025-03-28T17:55:25","date_gmt":"2025-03-28T17:55:25","guid":{"rendered":"https:\/\/wpinitiate.com\/echo-test\/demo76e71539\/2025\/03\/28\/aldi-nord-und-sud-gemeinsamer-onlineshop-wird-eingestellt\/"},"modified":"2025-03-28T17:55:25","modified_gmt":"2025-03-28T17:55:25","slug":"aldi-nord-und-sud-gemeinsamer-onlineshop-wird-eingestellt","status":"publish","type":"post","link":"https:\/\/wpinitiate.com\/echo-test\/demo76e71539\/2025\/03\/28\/aldi-nord-und-sud-gemeinsamer-onlineshop-wird-eingestellt\/","title":{"rendered":"Aldi Nord und S\u00fcd: Gemeinsamer Onlineshop wird eingestellt"},"content":{"rendered":"<p>Ende September ist Schluss. Die Discounter Aldi Nord und Aldi S\u00fcd machen ihren gemeinsamen Onlineshop dicht. Rund 80 Besch\u00e4ftigte sind von der Schlie\u00dfung betroffen.<\/p>\n","protected":false},"excerpt":{"rendered":"<p>Ende September ist Schluss. Die Discounter Aldi Nord und Aldi S\u00fcd machen ihren gemeinsamen Onlineshop dicht. Rund 80 Besch\u00e4ftigte sind von der Schlie\u00dfung betroffen.<\/p>\n","protected":false},"author":1,"featured_media":5735,"comment_status":"open","ping_status":"open","sticky":false,"template":"","format":"standard","meta":{"footnotes":""},"categories":[1],"tags":[],"class_list":["post-5734","post","type-post","status-publish","format-standard","has-post-thumbnail","hentry","category-uncategorized"],"_links":{"self":[{"href":"https:\/\/wpinitiate.com\/echo-test\/demo76e71539\/wp-json\/wp\/v2\/posts\/5734","targetHints":{"allow":["GET"]}}],"collection":[{"href":"https:\/\/wpinitiate.com\/echo-test\/demo76e71539\/wp-json\/wp\/v2\/posts"}],"about":[{"href":"https:\/\/wpinitiate.com\/echo-test\/demo76e71539\/wp-json\/wp\/v2\/types\/post"}],"author":[{"embeddable":true,"href":"https:\/\/wpinitiate.com\/echo-test\/demo76e71539\/wp-json\/wp\/v2\/users\/1"}],"replies":[{"embeddable":true,"href":"https:\/\/wpinitiate.com\/echo-test\/demo76e71539\/wp-json\/wp\/v2\/comments?post=5734"}],"version-history":[{"count":0,"href":"https:\/\/wpinitiate.com\/echo-test\/demo76e71539\/wp-json\/wp\/v2\/posts\/5734\/revisions"}],"wp:featuredmedia":[{"embeddable":true,"href":"https:\/\/wpinitiate.com\/echo-test\/demo76e71539\/wp-json\/wp\/v2\/media\/5735"}],"wp:attachment":[{"href":"https:\/\/wpinitiate.com\/echo-test\/demo76e71539\/wp-json\/wp\/v2\/media?parent=5734"}],"wp:term":[{"taxonomy":"category","embeddable":true,"href":"https:\/\/wpinitiate.com\/echo-test\/demo76e71539\/wp-json\/wp\/v2\/categories?post=5734"},{"taxonomy":"post_tag","embeddable":true,"href":"https:\/\/wpinitiate.com\/echo-test\/demo76e71539\/wp-json\/wp\/v2\/tags?post=5734"}],"curies":[{"name":"wp","href":"https:\/\/api.w.org\/{rel}","templated":true}]}}