{"id":578,"date":"2024-05-24T05:24:33","date_gmt":"2024-05-24T05:24:33","guid":{"rendered":"https:\/\/wpinitiate.com\/echo-test\/demo76e71539\/2024\/05\/24\/schwarz-gruppe-lidl-steigert-filialumsatz-um-94-prozent-auf-125-milliarden-euro\/"},"modified":"2024-05-24T05:24:33","modified_gmt":"2024-05-24T05:24:33","slug":"schwarz-gruppe-lidl-steigert-filialumsatz-um-94-prozent-auf-125-milliarden-euro","status":"publish","type":"post","link":"https:\/\/wpinitiate.com\/echo-test\/demo76e71539\/2024\/05\/24\/schwarz-gruppe-lidl-steigert-filialumsatz-um-94-prozent-auf-125-milliarden-euro\/","title":{"rendered":"Schwarz-Gruppe: Lidl steigert Filialumsatz um 9,4 Prozent auf 125 Milliarden Euro"},"content":{"rendered":"<p>Der Discounter Lidl hat 2023 seinen Filialumsatz um 9,4 Prozent gesteigert. Der Gesamtumsatz der Schwarz-Gruppe, zu der neben Lidl auch Kaufland geh\u00f6rt, wuchs um 8,5 Prozent auf 167 Milliarden Euro. Allerdings schw\u00e4cheln die Entsorgungssparte und das Onlinegesch\u00e4ft.<\/p>\n","protected":false},"excerpt":{"rendered":"<p>Der Discounter Lidl hat 2023 seinen Filialumsatz um 9,4 Prozent gesteigert. Der Gesamtumsatz der Schwarz-Gruppe, zu der neben Lidl auch Kaufland geh\u00f6rt, wuchs um 8,5 Prozent auf 167 Milliarden Euro. Allerdings schw\u00e4cheln die Entsorgungssparte und das Onlinegesch\u00e4ft.<\/p>\n","protected":false},"author":1,"featured_media":579,"comment_status":"open","ping_status":"open","sticky":false,"template":"","format":"standard","meta":{"footnotes":""},"categories":[1],"tags":[],"class_list":["post-578","post","type-post","status-publish","format-standard","has-post-thumbnail","hentry","category-uncategorized"],"_links":{"self":[{"href":"https:\/\/wpinitiate.com\/echo-test\/demo76e71539\/wp-json\/wp\/v2\/posts\/578","targetHints":{"allow":["GET"]}}],"collection":[{"href":"https:\/\/wpinitiate.com\/echo-test\/demo76e71539\/wp-json\/wp\/v2\/posts"}],"about":[{"href":"https:\/\/wpinitiate.com\/echo-test\/demo76e71539\/wp-json\/wp\/v2\/types\/post"}],"author":[{"embeddable":true,"href":"https:\/\/wpinitiate.com\/echo-test\/demo76e71539\/wp-json\/wp\/v2\/users\/1"}],"replies":[{"embeddable":true,"href":"https:\/\/wpinitiate.com\/echo-test\/demo76e71539\/wp-json\/wp\/v2\/comments?post=578"}],"version-history":[{"count":0,"href":"https:\/\/wpinitiate.com\/echo-test\/demo76e71539\/wp-json\/wp\/v2\/posts\/578\/revisions"}],"wp:featuredmedia":[{"embeddable":true,"href":"https:\/\/wpinitiate.com\/echo-test\/demo76e71539\/wp-json\/wp\/v2\/media\/579"}],"wp:attachment":[{"href":"https:\/\/wpinitiate.com\/echo-test\/demo76e71539\/wp-json\/wp\/v2\/media?parent=578"}],"wp:term":[{"taxonomy":"category","embeddable":true,"href":"https:\/\/wpinitiate.com\/echo-test\/demo76e71539\/wp-json\/wp\/v2\/categories?post=578"},{"taxonomy":"post_tag","embeddable":true,"href":"https:\/\/wpinitiate.com\/echo-test\/demo76e71539\/wp-json\/wp\/v2\/tags?post=578"}],"curies":[{"name":"wp","href":"https:\/\/api.w.org\/{rel}","templated":true}]}}