{"id":5814,"date":"2025-03-31T17:11:45","date_gmt":"2025-03-31T17:11:45","guid":{"rendered":"https:\/\/wpinitiate.com\/echo-test\/demo76e71539\/2025\/03\/31\/wayne-griffiths-volkswagen-trennt-sich-von-seat-und-cupra-chef\/"},"modified":"2025-03-31T17:11:45","modified_gmt":"2025-03-31T17:11:45","slug":"wayne-griffiths-volkswagen-trennt-sich-von-seat-und-cupra-chef","status":"publish","type":"post","link":"https:\/\/wpinitiate.com\/echo-test\/demo76e71539\/2025\/03\/31\/wayne-griffiths-volkswagen-trennt-sich-von-seat-und-cupra-chef\/","title":{"rendered":"Wayne Griffiths: Volkswagen trennt sich von Seat- und Cupra-Chef"},"content":{"rendered":"<p>Nach fast f\u00fcnf Jahren an der Spitze von Seat und Cupra verl\u00e4sst Wayne Griffiths den Autobauer. Insgesamt war der Brite \u00fcber 30 Jahre bei Volkswagen aktiv. In Spanien \u00fcbernimmt f\u00fcr ihn vorerst der bisherige Seat-Produktionschef.<\/p>\n","protected":false},"excerpt":{"rendered":"<p>Nach fast f\u00fcnf Jahren an der Spitze von Seat und Cupra verl\u00e4sst Wayne Griffiths den Autobauer. Insgesamt war der Brite \u00fcber 30 Jahre bei Volkswagen aktiv. In Spanien \u00fcbernimmt f\u00fcr ihn vorerst der bisherige Seat-Produktionschef.<\/p>\n","protected":false},"author":1,"featured_media":5815,"comment_status":"open","ping_status":"open","sticky":false,"template":"","format":"standard","meta":{"footnotes":""},"categories":[1],"tags":[],"class_list":["post-5814","post","type-post","status-publish","format-standard","has-post-thumbnail","hentry","category-uncategorized"],"_links":{"self":[{"href":"https:\/\/wpinitiate.com\/echo-test\/demo76e71539\/wp-json\/wp\/v2\/posts\/5814","targetHints":{"allow":["GET"]}}],"collection":[{"href":"https:\/\/wpinitiate.com\/echo-test\/demo76e71539\/wp-json\/wp\/v2\/posts"}],"about":[{"href":"https:\/\/wpinitiate.com\/echo-test\/demo76e71539\/wp-json\/wp\/v2\/types\/post"}],"author":[{"embeddable":true,"href":"https:\/\/wpinitiate.com\/echo-test\/demo76e71539\/wp-json\/wp\/v2\/users\/1"}],"replies":[{"embeddable":true,"href":"https:\/\/wpinitiate.com\/echo-test\/demo76e71539\/wp-json\/wp\/v2\/comments?post=5814"}],"version-history":[{"count":0,"href":"https:\/\/wpinitiate.com\/echo-test\/demo76e71539\/wp-json\/wp\/v2\/posts\/5814\/revisions"}],"wp:featuredmedia":[{"embeddable":true,"href":"https:\/\/wpinitiate.com\/echo-test\/demo76e71539\/wp-json\/wp\/v2\/media\/5815"}],"wp:attachment":[{"href":"https:\/\/wpinitiate.com\/echo-test\/demo76e71539\/wp-json\/wp\/v2\/media?parent=5814"}],"wp:term":[{"taxonomy":"category","embeddable":true,"href":"https:\/\/wpinitiate.com\/echo-test\/demo76e71539\/wp-json\/wp\/v2\/categories?post=5814"},{"taxonomy":"post_tag","embeddable":true,"href":"https:\/\/wpinitiate.com\/echo-test\/demo76e71539\/wp-json\/wp\/v2\/tags?post=5814"}],"curies":[{"name":"wp","href":"https:\/\/api.w.org\/{rel}","templated":true}]}}