{"id":5820,"date":"2025-03-31T17:11:42","date_gmt":"2025-03-31T17:11:42","guid":{"rendered":"https:\/\/wpinitiate.com\/echo-test\/demo76e71539\/2025\/03\/31\/volvo-cars-hakan-samuelsson-kehrt-als-ceo-zuruck-und-ersetzt-jim-rowan\/"},"modified":"2025-03-31T17:11:42","modified_gmt":"2025-03-31T17:11:42","slug":"volvo-cars-hakan-samuelsson-kehrt-als-ceo-zuruck-und-ersetzt-jim-rowan","status":"publish","type":"post","link":"https:\/\/wpinitiate.com\/echo-test\/demo76e71539\/2025\/03\/31\/volvo-cars-hakan-samuelsson-kehrt-als-ceo-zuruck-und-ersetzt-jim-rowan\/","title":{"rendered":"Volvo Cars: H\u00e5kan Samuelsson kehrt als CEO zur\u00fcck und ersetzt Jim Rowan"},"content":{"rendered":"<p>Retro bei Volvo: Die zum chinesischen Geely-Konzern geh\u00f6rende Volvo Cars wird k\u00fcnftig wieder von H\u00e5kan Samuelsson gef\u00fchrt. Bereits ab Dienstag ersetzt er den derzeitigen CEO Jim Rowan.<\/p>\n","protected":false},"excerpt":{"rendered":"<p>Retro bei Volvo: Die zum chinesischen Geely-Konzern geh\u00f6rende Volvo Cars wird k\u00fcnftig wieder von H\u00e5kan Samuelsson gef\u00fchrt. Bereits ab Dienstag ersetzt er den derzeitigen CEO Jim Rowan.<\/p>\n","protected":false},"author":1,"featured_media":5821,"comment_status":"open","ping_status":"open","sticky":false,"template":"","format":"standard","meta":{"footnotes":""},"categories":[1],"tags":[],"class_list":["post-5820","post","type-post","status-publish","format-standard","has-post-thumbnail","hentry","category-uncategorized"],"_links":{"self":[{"href":"https:\/\/wpinitiate.com\/echo-test\/demo76e71539\/wp-json\/wp\/v2\/posts\/5820","targetHints":{"allow":["GET"]}}],"collection":[{"href":"https:\/\/wpinitiate.com\/echo-test\/demo76e71539\/wp-json\/wp\/v2\/posts"}],"about":[{"href":"https:\/\/wpinitiate.com\/echo-test\/demo76e71539\/wp-json\/wp\/v2\/types\/post"}],"author":[{"embeddable":true,"href":"https:\/\/wpinitiate.com\/echo-test\/demo76e71539\/wp-json\/wp\/v2\/users\/1"}],"replies":[{"embeddable":true,"href":"https:\/\/wpinitiate.com\/echo-test\/demo76e71539\/wp-json\/wp\/v2\/comments?post=5820"}],"version-history":[{"count":0,"href":"https:\/\/wpinitiate.com\/echo-test\/demo76e71539\/wp-json\/wp\/v2\/posts\/5820\/revisions"}],"wp:featuredmedia":[{"embeddable":true,"href":"https:\/\/wpinitiate.com\/echo-test\/demo76e71539\/wp-json\/wp\/v2\/media\/5821"}],"wp:attachment":[{"href":"https:\/\/wpinitiate.com\/echo-test\/demo76e71539\/wp-json\/wp\/v2\/media?parent=5820"}],"wp:term":[{"taxonomy":"category","embeddable":true,"href":"https:\/\/wpinitiate.com\/echo-test\/demo76e71539\/wp-json\/wp\/v2\/categories?post=5820"},{"taxonomy":"post_tag","embeddable":true,"href":"https:\/\/wpinitiate.com\/echo-test\/demo76e71539\/wp-json\/wp\/v2\/tags?post=5820"}],"curies":[{"name":"wp","href":"https:\/\/api.w.org\/{rel}","templated":true}]}}