{"id":5828,"date":"2025-03-31T17:11:38","date_gmt":"2025-03-31T17:11:38","guid":{"rendered":"https:\/\/wpinitiate.com\/echo-test\/demo76e71539\/2025\/03\/31\/primark-ceo-paul-marchant-tritt-nach-vorwurfen-des-fehlverhaltens-zuruck\/"},"modified":"2025-03-31T17:11:38","modified_gmt":"2025-03-31T17:11:38","slug":"primark-ceo-paul-marchant-tritt-nach-vorwurfen-des-fehlverhaltens-zuruck","status":"publish","type":"post","link":"https:\/\/wpinitiate.com\/echo-test\/demo76e71539\/2025\/03\/31\/primark-ceo-paul-marchant-tritt-nach-vorwurfen-des-fehlverhaltens-zuruck\/","title":{"rendered":"Primark: CEO Paul Marchant tritt nach Vorw\u00fcrfen des Fehlverhaltens zur\u00fcck"},"content":{"rendered":"<p>Primark-CEO Paul Marchant r\u00e4umt unangemessenes Verhalten im Umgang mit einer Kollegin ein und verl\u00e4sst seinen Posten. Der Primark-Mutterkonzern ABF zeigt sich entt\u00e4uscht. Auch die Aktie knickt ein.<\/p>\n","protected":false},"excerpt":{"rendered":"<p>Primark-CEO Paul Marchant r\u00e4umt unangemessenes Verhalten im Umgang mit einer Kollegin ein und verl\u00e4sst seinen Posten. Der Primark-Mutterkonzern ABF zeigt sich entt\u00e4uscht. Auch die Aktie knickt ein.<\/p>\n","protected":false},"author":1,"featured_media":5829,"comment_status":"open","ping_status":"open","sticky":false,"template":"","format":"standard","meta":{"footnotes":""},"categories":[1],"tags":[],"class_list":["post-5828","post","type-post","status-publish","format-standard","has-post-thumbnail","hentry","category-uncategorized"],"_links":{"self":[{"href":"https:\/\/wpinitiate.com\/echo-test\/demo76e71539\/wp-json\/wp\/v2\/posts\/5828","targetHints":{"allow":["GET"]}}],"collection":[{"href":"https:\/\/wpinitiate.com\/echo-test\/demo76e71539\/wp-json\/wp\/v2\/posts"}],"about":[{"href":"https:\/\/wpinitiate.com\/echo-test\/demo76e71539\/wp-json\/wp\/v2\/types\/post"}],"author":[{"embeddable":true,"href":"https:\/\/wpinitiate.com\/echo-test\/demo76e71539\/wp-json\/wp\/v2\/users\/1"}],"replies":[{"embeddable":true,"href":"https:\/\/wpinitiate.com\/echo-test\/demo76e71539\/wp-json\/wp\/v2\/comments?post=5828"}],"version-history":[{"count":0,"href":"https:\/\/wpinitiate.com\/echo-test\/demo76e71539\/wp-json\/wp\/v2\/posts\/5828\/revisions"}],"wp:featuredmedia":[{"embeddable":true,"href":"https:\/\/wpinitiate.com\/echo-test\/demo76e71539\/wp-json\/wp\/v2\/media\/5829"}],"wp:attachment":[{"href":"https:\/\/wpinitiate.com\/echo-test\/demo76e71539\/wp-json\/wp\/v2\/media?parent=5828"}],"wp:term":[{"taxonomy":"category","embeddable":true,"href":"https:\/\/wpinitiate.com\/echo-test\/demo76e71539\/wp-json\/wp\/v2\/categories?post=5828"},{"taxonomy":"post_tag","embeddable":true,"href":"https:\/\/wpinitiate.com\/echo-test\/demo76e71539\/wp-json\/wp\/v2\/tags?post=5828"}],"curies":[{"name":"wp","href":"https:\/\/api.w.org\/{rel}","templated":true}]}}